{"id":124282,"date":"2025-01-08T14:10:25","date_gmt":"2025-01-08T17:10:25","guid":{"rendered":"https:\/\/www.actualidadadiario.com\/?p=124282"},"modified":"2025-01-08T14:10:25","modified_gmt":"2025-01-08T17:10:25","slug":"el-tribunal-de-feria-determino-que-urribarri-abandone-la-unidad-penal-n-1","status":"publish","type":"post","link":"https:\/\/www.actualidadadiario.com\/index.php\/2025\/01\/08\/el-tribunal-de-feria-determino-que-urribarri-abandone-la-unidad-penal-n-1\/","title":{"rendered":"El tribunal de feria determin\u00f3 que Urribarri abandone la Unidad Penal N\u00b0 1"},"content":{"rendered":"<p style=\"text-align: center;\"><em><strong>Durante la jornada de este mi\u00e9rcoles se dio a conocer que, en voto dividido, el tribunal de feria determin\u00f3 que se revocara la decisi\u00f3n de la C\u00e1mara de Casaci\u00f3n Penal y Urribarri abandonara la UP1 de Paran\u00e1<\/strong><\/em><\/p>\n<p>&nbsp;<\/p>\n<p>&nbsp;<\/p>\n<p>Sergio Urribarri y Juan Pablo Aguilera abandonar\u00e1n la Unidad Penal N\u00famero 1 de Paran\u00e1, en la que fueron alojados el 19 de noviembre pasado en el marco de la condena que pesa sobre ambos por delitos de corrupci\u00f3n.<\/p>\n<p>Seg\u00fan se pudo saber, el tribunal de feria, habilitado la semana pasada, en fallo dividido revoc\u00f3 la decisi\u00f3n de la C\u00e1mara de Casaci\u00f3n Penal de Paran\u00e1 por la cual el ex gobernador y su cu\u00f1ado cumpl\u00edan condena en la c\u00e1rcel.<\/p>\n<p>Los vocales Germ\u00e1n Carlomagno y Leonardo Portela se inclinaron por las restricciones que cumpl\u00edan los condenados antes de ser detenidos. Miguel Giorgio se mantuvo en su posici\u00f3n y vot\u00f3 por el cumplimiento efectivo en la Unidad Penal.<\/p>\n<p>Urribarri y Aguilera vuelven al estado anterior. Es decir, en libertad con restricciones, no prisi\u00f3n preventiva domiciliaria. Los vocales que fallaron por la libertad entendieron que la prisi\u00f3n preventiva fue una decisi\u00f3n \u201carbitraria\u201d.<\/p>\n<p>\u201cLa prisi\u00f3n preventiva es la medida cautelar de coerci\u00f3n personal m\u00e1s severa posible y por ende reviste de car\u00e1cter excepcional\u201d, comenz\u00f3 diciendo Carlomagno, para citar a la doctora Mar\u00eda Ang\u00e9lica Gelli, cuando dijo que \u201cla prisi\u00f3n preventiva implica privar de la libertad a quienes son considerados inocentes por la Constituci\u00f3n Nacional, por lo que \u2018el mantenimiento de la prisi\u00f3n cautelar o su cesaci\u00f3n requiere de un criterio de decisi\u00f3n razonable por parte de los magistrados judiciales\u201d.<\/p>\n<p>\u201cLas pautas elaboradas por la ley, por la Corte Suprema de Justicia de la Naci\u00f3n y por la Corte Interamericana de Derechos Humanos constituyen est\u00e1ndares a considerar expresamente, pero no invoc\u00e1ndolos de un modo general. Los jueces deben practicar un examen riguroso de los hechos y circunstancias que sirvan de base a la extensi\u00f3n del encarcelamiento porque, \u00e9ste, \u2018no deja de ser cautelar, y entonces la decisi\u00f3n debe contener la motivaci\u00f3n suficiente que permita evaluar si se ajusta a los requerimientos impuestos por la Corte Interamericana sobre Derechos Humanos, entre ellos, el de necesidad, en el sentido de que sean absolutamente indispensables para conseguir el fin deseado y que no exista una medida menos gravosa respecto al derecho intervenido entre todas aquellas que cuentan con la misma idoneidad para alcanzar el objetivo propuesto\u201d, dice m\u00e1s adelante.<\/p>\n","protected":false},"excerpt":{"rendered":"<p>Durante la jornada de este mi\u00e9rcoles se dio a conocer que, en voto dividido, el tribunal de feria determin\u00f3 que se revocara la decisi\u00f3n de la C\u00e1mara de Casaci\u00f3n Penal y Urribarri abandonara la UP1 de Paran\u00e1 &nbsp; &nbsp; Sergio Urribarri y Juan Pablo Aguilera abandonar\u00e1n la Unidad Penal N\u00famero 1 de Paran\u00e1, en la que fueron alojados el 19 de noviembre pasado en el marco de la condena que pesa sobre ambos por delitos de corrupci\u00f3n. Seg\u00fan se pudo saber, el tribunal de feria, habilitado la semana pasada, en&#8230;<\/p>\n","protected":false},"author":3,"featured_media":124283,"comment_status":"closed","ping_status":"closed","sticky":false,"template":"","format":"standard","meta":[],"categories":[15],"tags":[],"_links":{"self":[{"href":"https:\/\/www.actualidadadiario.com\/index.php\/wp-json\/wp\/v2\/posts\/124282"}],"collection":[{"href":"https:\/\/www.actualidadadiario.com\/index.php\/wp-json\/wp\/v2\/posts"}],"about":[{"href":"https:\/\/www.actualidadadiario.com\/index.php\/wp-json\/wp\/v2\/types\/post"}],"author":[{"embeddable":true,"href":"https:\/\/www.actualidadadiario.com\/index.php\/wp-json\/wp\/v2\/users\/3"}],"replies":[{"embeddable":true,"href":"https:\/\/www.actualidadadiario.com\/index.php\/wp-json\/wp\/v2\/comments?post=124282"}],"version-history":[{"count":1,"href":"https:\/\/www.actualidadadiario.com\/index.php\/wp-json\/wp\/v2\/posts\/124282\/revisions"}],"predecessor-version":[{"id":124284,"href":"https:\/\/www.actualidadadiario.com\/index.php\/wp-json\/wp\/v2\/posts\/124282\/revisions\/124284"}],"wp:featuredmedia":[{"embeddable":true,"href":"https:\/\/www.actualidadadiario.com\/index.php\/wp-json\/wp\/v2\/media\/124283"}],"wp:attachment":[{"href":"https:\/\/www.actualidadadiario.com\/index.php\/wp-json\/wp\/v2\/media?parent=124282"}],"wp:term":[{"taxonomy":"category","embeddable":true,"href":"https:\/\/www.actualidadadiario.com\/index.php\/wp-json\/wp\/v2\/categories?post=124282"},{"taxonomy":"post_tag","embeddable":true,"href":"https:\/\/www.actualidadadiario.com\/index.php\/wp-json\/wp\/v2\/tags?post=124282"}],"curies":[{"name":"wp","href":"https:\/\/api.w.org\/{rel}","templated":true}]}}