{"id":124280,"date":"2025-01-08T14:06:36","date_gmt":"2025-01-08T17:06:36","guid":{"rendered":"https:\/\/www.actualidadadiario.com\/?p=124280"},"modified":"2025-01-08T14:06:36","modified_gmt":"2025-01-08T17:06:36","slug":"ola-de-calor-en-entre-rios-que-dia-anuncian-hasta-37c","status":"publish","type":"post","link":"https:\/\/www.actualidadadiario.com\/index.php\/2025\/01\/08\/ola-de-calor-en-entre-rios-que-dia-anuncian-hasta-37c\/","title":{"rendered":"Ola de calor en Entre R\u00edos: qu\u00e9 d\u00eda anuncian hasta 37\u00b0C"},"content":{"rendered":"<p style=\"text-align: center;\"><em><strong>El calor intenso sigue en Entre R\u00edos, sin pron\u00f3stico de lluvias ni alivio de temperaturas<\/strong><\/em><\/p>\n<p>&nbsp;<\/p>\n<p>&nbsp;<\/p>\n<p>La ola de calor sigue en Entre R\u00edos y se prev\u00e9 que se intensifique la semana pr\u00f3xima. Por el momento, el pron\u00f3stico extendido no avizora un cambio de las condiciones del tiempo, por lo que habr\u00e1 que esperar el alivio.<\/p>\n<p>Seg\u00fan el Servicio Meteorol\u00f3gico Nacional \u2013SMN-, esta semana continuar\u00e1 con temperaturas m\u00e1ximas de entre 32 y 35 grados. En tanto, tras el fin de semana, se espera que los pr\u00f3ximos d\u00edas sean a\u00fan m\u00e1s sofocantes.<\/p>\n<p>Se anticipan para la semana que viene m\u00e1ximas de entre 36 y hasta 37 grados. La sensaci\u00f3n t\u00e9rmica incluso puede ser superior. No hay anuncio de lluvias en el corto plazo que genere un cambio en la atm\u00f3sfera.<\/p>\n<p>&nbsp;<\/p>\n<p><strong>Qu\u00e9 d\u00edas ser\u00e1n los m\u00e1s calurosos<\/strong><\/p>\n<p>El lunes 13 de enero ser\u00eda el d\u00eda m\u00e1s caluroso y se prev\u00e9n 37 grados en los departamentos Paran\u00e1, La Paz, Diamante, Nogoy\u00e1 y Villaguay. Aunque no se descarta que estos registros se alcancen en otras zonas del norte.<\/p>\n<p>Tambi\u00e9n se anuncia que el martes 14 de enero contin\u00fae pr\u00e1cticamente con las mismas condiciones. Para ese d\u00eda se anticipa una temperatura m\u00e1xima estimada en 36 grados en toda la provincia.<\/p>\n","protected":false},"excerpt":{"rendered":"<p>El calor intenso sigue en Entre R\u00edos, sin pron\u00f3stico de lluvias ni alivio de temperaturas &nbsp; &nbsp; La ola de calor sigue en Entre R\u00edos y se prev\u00e9 que se intensifique la semana pr\u00f3xima. Por el momento, el pron\u00f3stico extendido no avizora un cambio de las condiciones del tiempo, por lo que habr\u00e1 que esperar el alivio. Seg\u00fan el Servicio Meteorol\u00f3gico Nacional \u2013SMN-, esta semana continuar\u00e1 con temperaturas m\u00e1ximas de entre 32 y 35 grados. En tanto, tras el fin de semana, se espera que los pr\u00f3ximos d\u00edas sean a\u00fan&#8230;<\/p>\n","protected":false},"author":3,"featured_media":115373,"comment_status":"closed","ping_status":"closed","sticky":false,"template":"","format":"standard","meta":[],"categories":[15],"tags":[],"_links":{"self":[{"href":"https:\/\/www.actualidadadiario.com\/index.php\/wp-json\/wp\/v2\/posts\/124280"}],"collection":[{"href":"https:\/\/www.actualidadadiario.com\/index.php\/wp-json\/wp\/v2\/posts"}],"about":[{"href":"https:\/\/www.actualidadadiario.com\/index.php\/wp-json\/wp\/v2\/types\/post"}],"author":[{"embeddable":true,"href":"https:\/\/www.actualidadadiario.com\/index.php\/wp-json\/wp\/v2\/users\/3"}],"replies":[{"embeddable":true,"href":"https:\/\/www.actualidadadiario.com\/index.php\/wp-json\/wp\/v2\/comments?post=124280"}],"version-history":[{"count":1,"href":"https:\/\/www.actualidadadiario.com\/index.php\/wp-json\/wp\/v2\/posts\/124280\/revisions"}],"predecessor-version":[{"id":124281,"href":"https:\/\/www.actualidadadiario.com\/index.php\/wp-json\/wp\/v2\/posts\/124280\/revisions\/124281"}],"wp:featuredmedia":[{"embeddable":true,"href":"https:\/\/www.actualidadadiario.com\/index.php\/wp-json\/wp\/v2\/media\/115373"}],"wp:attachment":[{"href":"https:\/\/www.actualidadadiario.com\/index.php\/wp-json\/wp\/v2\/media?parent=124280"}],"wp:term":[{"taxonomy":"category","embeddable":true,"href":"https:\/\/www.actualidadadiario.com\/index.php\/wp-json\/wp\/v2\/categories?post=124280"},{"taxonomy":"post_tag","embeddable":true,"href":"https:\/\/www.actualidadadiario.com\/index.php\/wp-json\/wp\/v2\/tags?post=124280"}],"curies":[{"name":"wp","href":"https:\/\/api.w.org\/{rel}","templated":true}]}}