{"id":124271,"date":"2025-01-08T14:02:52","date_gmt":"2025-01-08T17:02:52","guid":{"rendered":"https:\/\/www.actualidadadiario.com\/?p=124271"},"modified":"2025-01-08T14:02:52","modified_gmt":"2025-01-08T17:02:52","slug":"incendio-de-gran-magnitud-en-la-planta-de-reciclaje-de-localidad-entrerriana-trabajan-mas-de-50-bomberos","status":"publish","type":"post","link":"https:\/\/www.actualidadadiario.com\/index.php\/2025\/01\/08\/incendio-de-gran-magnitud-en-la-planta-de-reciclaje-de-localidad-entrerriana-trabajan-mas-de-50-bomberos\/","title":{"rendered":"Incendio de gran magnitud en la planta de reciclaje de localidad entrerriana: trabajan m\u00e1s de 50 bomberos"},"content":{"rendered":"<p style=\"text-align: center;\"><em><strong>Un incendio de gran magnitud afecta desde este martes por la noche a una planta de reciclaje en las afueras del casco urbano de una localidad entrerriana. En el lugar trabajan m\u00e1s de 50 bomberos<\/strong><\/em><\/p>\n<p>&nbsp;<\/p>\n<p>&nbsp;<\/p>\n<p>Un incendio de grandes dimensiones se desat\u00f3 en la noche del martes, pasadas las 21, en la planta de reciclaje de la localidad de San Jos\u00e9, ubicada a unos 4 kil\u00f3metros del casco urbano, en direcci\u00f3n a Villa Elisa.<\/p>\n<p>Al respecto, el jefe del cuartel de Bomberos Voluntarios de San Jos\u00e9, Mat\u00edas Maschio, indic\u00f3 que el fuego fue reportado cuando ya se encontraba en su fase avanzada, lo que requiri\u00f3 la intervenci\u00f3n de un gran n\u00famero de bomberos, aproximadamente unos 50.<\/p>\n<p>El incendio afect\u00f3 principalmente materiales altamente inflamables como pl\u00e1sticos y papeles que se utilizan en el proceso de reciclaje. Aunque la situaci\u00f3n estuvo bajo control, Maschio destac\u00f3 que \u00abya est\u00e1 contenido, pero no controlado\u00bb, aclarando que, por el momento, no se presentan riesgos inmediatos para la zona.<\/p>\n<p>Adem\u00e1s, la cercan\u00eda de viviendas y maquinaria municipal aument\u00f3 la preocupaci\u00f3n, pero por suerte no hubo grandes da\u00f1os. \u00abEs cierto que hubo riesgo para algunas viviendas cercanas, especialmente para las del personal que trabaja en la planta de reciclaje\u201d, pero todo fue protegido a tiempo.<\/p>\n<p>Sobre las causas del siniestro, Maschio asegur\u00f3 que a\u00fan no se tienen detalles. \u00abNo tenemos esa informaci\u00f3n. Nos llamaron cuando el fuego ya estaba en marcha. No sabemos qu\u00e9 lo origin\u00f3\u00bb, explic\u00f3. Sin embargo, no se descarta que la alta temperatura de los \u00faltimos d\u00edas haya contribuido a una posible combusti\u00f3n espont\u00e1nea.<\/p>\n<p>La r\u00e1pida propagaci\u00f3n del incendio llev\u00f3 a la colaboraci\u00f3n de bomberos de diferentes localidades de la regi\u00f3n, incluidos Col\u00f3n, Villa Elisa, Uruguay, San Justo y Caseros. Sum\u00e1ndose en esta jornada equipos de Villaguay, Villa Clara y Pronunciamiento.<\/p>\n<p>\u00abEs un incendio de muy grandes magnitudes, uno de los m\u00e1s grandes que hemos tenido en el lugar. El material involucrado es muy combustible, mucho pl\u00e1stico y papel\u201d, lo que hace que la tarea de sofocarlo sea m\u00e1s compleja, asegur\u00f3 Maschio. A medida que se contin\u00faa trabajando en el lugar, se estima que el n\u00famero de bomberos involucrados podr\u00eda superar los 70, con relevos programados para mantener el esfuerzo constante.<\/p>\n<p>Afortunadamente, no se registraron personas heridas, aunque Maschio destac\u00f3 que los bomberos han estado trabajando por m\u00e1s de siete horas, lo que ha generado cansancio y agotamiento en los equipos.<\/p>\n<p>Por \u00faltimo, el bombero enfatiz\u00f3 la importancia de mantener precauciones en tiempos de sequ\u00eda, ya que la falta de lluvias en la regi\u00f3n ha incrementado el riesgo de incendios forestales. \u00abEstamos viendo un aumento en las salidas diarias, especialmente por incendios forestales. Es fundamental no quemar y mantener los campos limpios, especialmente cerca de viviendas o \u00e1reas con vegetaci\u00f3n\u00bb, recomend\u00f3 Maschio.<\/p>\n","protected":false},"excerpt":{"rendered":"<p>Un incendio de gran magnitud afecta desde este martes por la noche a una planta de reciclaje en las afueras del casco urbano de una localidad entrerriana. En el lugar trabajan m\u00e1s de 50 bomberos &nbsp; &nbsp; Un incendio de grandes dimensiones se desat\u00f3 en la noche del martes, pasadas las 21, en la planta de reciclaje de la localidad de San Jos\u00e9, ubicada a unos 4 kil\u00f3metros del casco urbano, en direcci\u00f3n a Villa Elisa. Al respecto, el jefe del cuartel de Bomberos Voluntarios de San Jos\u00e9, Mat\u00edas Maschio,&#8230;<\/p>\n","protected":false},"author":3,"featured_media":124272,"comment_status":"closed","ping_status":"closed","sticky":false,"template":"","format":"standard","meta":[],"categories":[15],"tags":[],"_links":{"self":[{"href":"https:\/\/www.actualidadadiario.com\/index.php\/wp-json\/wp\/v2\/posts\/124271"}],"collection":[{"href":"https:\/\/www.actualidadadiario.com\/index.php\/wp-json\/wp\/v2\/posts"}],"about":[{"href":"https:\/\/www.actualidadadiario.com\/index.php\/wp-json\/wp\/v2\/types\/post"}],"author":[{"embeddable":true,"href":"https:\/\/www.actualidadadiario.com\/index.php\/wp-json\/wp\/v2\/users\/3"}],"replies":[{"embeddable":true,"href":"https:\/\/www.actualidadadiario.com\/index.php\/wp-json\/wp\/v2\/comments?post=124271"}],"version-history":[{"count":1,"href":"https:\/\/www.actualidadadiario.com\/index.php\/wp-json\/wp\/v2\/posts\/124271\/revisions"}],"predecessor-version":[{"id":124273,"href":"https:\/\/www.actualidadadiario.com\/index.php\/wp-json\/wp\/v2\/posts\/124271\/revisions\/124273"}],"wp:featuredmedia":[{"embeddable":true,"href":"https:\/\/www.actualidadadiario.com\/index.php\/wp-json\/wp\/v2\/media\/124272"}],"wp:attachment":[{"href":"https:\/\/www.actualidadadiario.com\/index.php\/wp-json\/wp\/v2\/media?parent=124271"}],"wp:term":[{"taxonomy":"category","embeddable":true,"href":"https:\/\/www.actualidadadiario.com\/index.php\/wp-json\/wp\/v2\/categories?post=124271"},{"taxonomy":"post_tag","embeddable":true,"href":"https:\/\/www.actualidadadiario.com\/index.php\/wp-json\/wp\/v2\/tags?post=124271"}],"curies":[{"name":"wp","href":"https:\/\/api.w.org\/{rel}","templated":true}]}}