{"id":124265,"date":"2025-01-08T14:00:25","date_gmt":"2025-01-08T17:00:25","guid":{"rendered":"https:\/\/www.actualidadadiario.com\/?p=124265"},"modified":"2025-01-08T14:00:25","modified_gmt":"2025-01-08T17:00:25","slug":"entre-rios-la-juventud-se-rebela-contra-el-pedido-de-karina-milei-y-planta-una-interna-en-parana","status":"publish","type":"post","link":"https:\/\/www.actualidadadiario.com\/index.php\/2025\/01\/08\/entre-rios-la-juventud-se-rebela-contra-el-pedido-de-karina-milei-y-planta-una-interna-en-parana\/","title":{"rendered":"Entre R\u00edos: la juventud se rebela contra el pedido de Karina Milei y planta una interna en Paran\u00e1"},"content":{"rendered":"<p style=\"text-align: center;\"><em><strong>La Libertad Avanza elige autoridades y un sector desaf\u00eda al armado de El Jefe con lista propia. La unidad tambi\u00e9n se complica en Concordia<\/strong><\/em><\/p>\n<p>&nbsp;<\/p>\n<p>&nbsp;<\/p>\n<p>El a\u00f1o electoral debuta temprano en Entre R\u00edos. La Libertad Avanza comenz\u00f3 la campa\u00f1a para elegir autoridades y enero ser\u00e1 caliente. El pron\u00f3stico de altas temperaturas es para el 18 y el 25 de enero, cuando suceder\u00e1n las elecciones departamentales y provinciales, respectivamente. A pesar del pedido de consenso de Karina Milei, la unidad aparece complicada en Paran\u00e1 y Concordia.<\/p>\n<p>Seg\u00fan la carta org\u00e1nica partidaria, la modalidad de elecci\u00f3n se divide en dos instancias. La del s\u00e1bado 18 ser\u00e1 la primera, en la que los 17 departamentos elegir\u00e1n autoridades de la Asamblea partidaria que luego, el 25, elegir\u00e1 a quienes integrar\u00e1n el Comit\u00e9 provincial. El 18 es el \u00fanico momento de voto directo de los afiliados. El 25, votar\u00e1n presidentes y vices electos el 18, con voto secreto.<\/p>\n<p>&nbsp;<\/p>\n<p><strong>Desaf\u00edos internos en La Libertad Avanza<\/strong><\/p>\n<p>Lo que parec\u00eda un camino allanado hacia la consagraci\u00f3n de autoridades encontr\u00f3 en la primera semana del a\u00f1o un desaf\u00edo a los liderazgos provinciales. Tanto en Paran\u00e1 como en Concordia, para las elecciones departamentales asoman intentos de listas alternativas a las que apa\u00f1an los integrantes de la Junta Promotora, que consigui\u00f3 hace algunas semanas el reconocimiento definitivo en la justicia electoral.<\/p>\n<p>En Paran\u00e1, al oficialismo lo encarna Andr\u00e9s Laumann, excandidato a intendente e integrante de la Junta Promotora. Laumann fue uno de los que se movi\u00f3 fuerte para conseguir las m\u00e1s de cuatro mil afiliaciones y uno de los que fue respaldado por Karina en su reciente visita a la provincia. Su postulaci\u00f3n a presidente departamental va acompa\u00f1ada por Raquel Donnet como candidata a vice; Enzo Gastaldi como secretario; Fabiola Moyano Berrios, Claudio Pitassi, Silvina Pintos, H\u00e9ctor Faggi, como vocales titulares; y Mar\u00eda In\u00e9s Baccigalupo, Jos\u00e9 Fabi\u00e1n Carreras, Fiorella Miraglio y Giuliano Aquino como vocales suplentes.<\/p>\n<p>A esos nombres se enfrentar\u00e1 una lista alternativa respaldada por las juventudes libertarias, que no se sienten representadas en la propuesta oficialista. Quien encabeza la lista opositora es Melisa Alegre, una joven de 33 a\u00f1os que ir\u00e1 secundada por Iv\u00e1n Brondani, de 23, como candidato a vice.<\/p>\n<p>Brondani, como cont\u00f3 Letra P, es uno de los coordinadores de las juventudes en la provincia. Completan la lista como candidata a secretaria Jeanne Ara Mar\u00eda Sch\u00e1fer, de 23 a\u00f1os; como vocales titulares, Emanuel Jacob (38), Florencia Albornoz (25), Adriel Budzisch (22), Liliana Bernhard (45). Como suplentes van: Juan V\u00e1zquez, Nahir Omar, Joaqu\u00edn Ar\u00e9valo y Graciela Salas. Este viernes 10 har\u00e1n la presentaci\u00f3n oficial de la propuesta en redes sociales.<\/p>\n<p>&nbsp;<\/p>\n<p><strong>El pedido de Karina Milei<\/strong><\/p>\n<p>La presentaci\u00f3n de listas ante el partido ser\u00e1 del 10 al 15 de enero. Hasta el cierre de esta nota, el panorama de unidad aparec\u00eda complicado en la capital y en Concordia. Fuentes del armado en ambas ciudades confirmaron a este medio que lleg\u00f3 desde Buenos Aires un fuerte pedido de unidad. \u201cNos piden consenso, pero vemos que hay algunos nombres que quieren conducir pero que no estaban desde el principio como nosotros\u201d, revel\u00f3 en di\u00e1logo con Letra P una persona al tanto del asunto en Concordia.<\/p>\n<p>En la misma l\u00ednea, en Paran\u00e1, quienes desaf\u00edan a Laumann aseguran que no ven en la lista oficial una representatividad genuina de las ideas de las juventudes. Melisa Alegre tamiz\u00f3 la decisi\u00f3n de enfrentar al oficialismo local asegurando que no se desv\u00edan de las ideas de Javier Milei. \u201cNo hay conflicto, es pol\u00edticamente correcto ir a un interna\u201d, asegur\u00f3 ante la consulta de este medio.<\/p>\n<p>\u201cJavier quiere que los j\u00f3venes tengan oportunidades y la otra lista no les da la oportunidad a los j\u00f3venes\u201d, puntualiz\u00f3 y ejemplific\u00f3 la queja: \u201cVenimos trabajando desde que se conform\u00f3 el partido y no se nos llam\u00f3 ni se nos dio participaci\u00f3n\u201d.<\/p>\n<p>La oferta de integraci\u00f3n que recibieron los opositores para derivar en lista \u00fanica s\u00f3lo contemplaba una vocal\u00eda. \u201cEso no es consensuar. Consensuar es uno tuyo, uno m\u00edo. Por eso decidimos seguir el camino y presentar la interna\u201d, confirm\u00f3 Alegre.<\/p>\n<p>&nbsp;<\/p>\n<p><strong>Unidad a cuentagotas en Concordia<\/strong><\/p>\n<p>En la otra orilla el panorama para el consenso no es m\u00e1s alentador. Las negociaciones son contrarreloj para satisfacer los deseos de la conducci\u00f3n nacional, pero las trabas aparecen por la resistencia ante algunos nombres que desde adentro se\u00f1alan como \u201cla vieja pol\u00edtica\u201d y alejados del &#8220;mandato de ficha limpia&#8221;.<\/p>\n<p>\u201cSi hay consenso habr\u00e1 paz para todos. Pero est\u00e1 dif\u00edcil, porque hay posiciones inflexibles\u201d, resumi\u00f3 el estado de situaci\u00f3n un involucrado, entre llamada y llamada, con el tel\u00e9fono estallado en plenas negociaciones.<\/p>\n<p>En la capital del citrus hay dos sectores enfrentados. En uno, que se referencia con el diputado nacional Beltr\u00e1n Benedit, aparece la figura de Eduardo Beswick, excandidato a intendente en las \u00faltimas elecciones. Beswick qued\u00f3 tercero detr\u00e1s de Francisco Azcu\u00e9 y el peronismo. La lista que lo lleva como candidato a presidente se completa con Emilce Esnarriaga como vice; Guillermo Deymmonaz como secretario (es actual titular de ANSES en la ciudad); Ver\u00f3nica Tosto, Marcos Caprarulo, Paula Pedemonti, y Franco Graziano para las vocal\u00edas titulares; y Adriana Echeverriborda (excandidata a viceintendenta), Leandro Rivero, Ivana Far\u00edas, y Alejandro Bessone para las vocal\u00edas suplentes.<\/p>\n<p>En el otro sector, alineado con la conducci\u00f3n provincial de Fleitas y Laumann, la lista ser\u00eda estar\u00eda encabezada por Ignacio Cabrera como presidente departamental; Antonella Espasand\u00edn de vice; y Eduardo Vidoni, recientemente nombrado al frente de la delegaci\u00f3n nacional de la Secretar\u00eda de Trabajo). como secretario. A\u00fan sin confirmaci\u00f3n los vocales titulares ser\u00edan Nora Demichelis, Marcelo Zanuttini, Carolina Piriz, Facundo Benitez; suplentes: Siomara Gallo, Alejandro Baez, Mar\u00eda Larrea, Federico Retamar. En esta \u00f3rbita se mueve el joven libertario Mauricio Retamar, fundador del Partido Libertario en la ciudad y quien milita en las filas del intendente Azcu\u00e9.<\/p>\n<p>&nbsp;<\/p>\n<p><strong>Fumata blanca para la conducci\u00f3n provincial de Entre R\u00edos<\/strong><\/p>\n<p>Tanto en Paran\u00e1 como en Concordia, y hasta ahora en el resto de los departamentos, los conflictos internos no derraman a la \u00f3rbita de la conducci\u00f3n provincial.<\/p>\n<p>En ambos casos, todas las listas apoyan la propuesta oficial para el Comit\u00e9 provincial. La n\u00f3mina la encabeza el diputado Roque Fleitas, secundado por Zulma Cauzzi, excandidata a intendenta de Col\u00f3n.<\/p>\n","protected":false},"excerpt":{"rendered":"<p>La Libertad Avanza elige autoridades y un sector desaf\u00eda al armado de El Jefe con lista propia. La unidad tambi\u00e9n se complica en Concordia &nbsp; &nbsp; El a\u00f1o electoral debuta temprano en Entre R\u00edos. La Libertad Avanza comenz\u00f3 la campa\u00f1a para elegir autoridades y enero ser\u00e1 caliente. El pron\u00f3stico de altas temperaturas es para el 18 y el 25 de enero, cuando suceder\u00e1n las elecciones departamentales y provinciales, respectivamente. A pesar del pedido de consenso de Karina Milei, la unidad aparece complicada en Paran\u00e1 y Concordia. Seg\u00fan la carta org\u00e1nica&#8230;<\/p>\n","protected":false},"author":3,"featured_media":124266,"comment_status":"closed","ping_status":"closed","sticky":false,"template":"","format":"standard","meta":[],"categories":[9],"tags":[],"_links":{"self":[{"href":"https:\/\/www.actualidadadiario.com\/index.php\/wp-json\/wp\/v2\/posts\/124265"}],"collection":[{"href":"https:\/\/www.actualidadadiario.com\/index.php\/wp-json\/wp\/v2\/posts"}],"about":[{"href":"https:\/\/www.actualidadadiario.com\/index.php\/wp-json\/wp\/v2\/types\/post"}],"author":[{"embeddable":true,"href":"https:\/\/www.actualidadadiario.com\/index.php\/wp-json\/wp\/v2\/users\/3"}],"replies":[{"embeddable":true,"href":"https:\/\/www.actualidadadiario.com\/index.php\/wp-json\/wp\/v2\/comments?post=124265"}],"version-history":[{"count":1,"href":"https:\/\/www.actualidadadiario.com\/index.php\/wp-json\/wp\/v2\/posts\/124265\/revisions"}],"predecessor-version":[{"id":124267,"href":"https:\/\/www.actualidadadiario.com\/index.php\/wp-json\/wp\/v2\/posts\/124265\/revisions\/124267"}],"wp:featuredmedia":[{"embeddable":true,"href":"https:\/\/www.actualidadadiario.com\/index.php\/wp-json\/wp\/v2\/media\/124266"}],"wp:attachment":[{"href":"https:\/\/www.actualidadadiario.com\/index.php\/wp-json\/wp\/v2\/media?parent=124265"}],"wp:term":[{"taxonomy":"category","embeddable":true,"href":"https:\/\/www.actualidadadiario.com\/index.php\/wp-json\/wp\/v2\/categories?post=124265"},{"taxonomy":"post_tag","embeddable":true,"href":"https:\/\/www.actualidadadiario.com\/index.php\/wp-json\/wp\/v2\/tags?post=124265"}],"curies":[{"name":"wp","href":"https:\/\/api.w.org\/{rel}","templated":true}]}}