{"id":124255,"date":"2025-01-03T12:49:45","date_gmt":"2025-01-03T15:49:45","guid":{"rendered":"https:\/\/www.actualidadadiario.com\/?p=124255"},"modified":"2025-01-03T12:49:45","modified_gmt":"2025-01-03T15:49:45","slug":"milei-declaro-el-2025-como-el-ano-de-la-reconstruccion-de-la-nacion-argentina-los-objetivos-que-definio","status":"publish","type":"post","link":"https:\/\/www.actualidadadiario.com\/index.php\/2025\/01\/03\/milei-declaro-el-2025-como-el-ano-de-la-reconstruccion-de-la-nacion-argentina-los-objetivos-que-definio\/","title":{"rendered":"Milei declar\u00f3 el 2025 como el &#8220;A\u00f1o de la Reconstrucci\u00f3n de la Naci\u00f3n Argentina&#8221;: los objetivos que defini\u00f3"},"content":{"rendered":"<p style=\"text-align: center;\"><em><strong>El Presidente reiter\u00f3 su objetivo de reducir el gasto p\u00fablico y achicar el Estado. \u201cEl desaf\u00edo de este nuevo a\u00f1o ser\u00e1 reconstruir los cimientos de la Naci\u00f3n Argentina a partir del esfuerzo de los ciudadanos y el compromiso con las ideas de la libertad&#8221;, apunt\u00f3<\/strong><\/em><\/p>\n<p>&nbsp;<\/p>\n<p>&nbsp;<\/p>\n<p>El presidente Javier Milei decret\u00f3 que el 2025 ser\u00e1 reconocido como el \u201cA\u00f1o de la Reconstrucci\u00f3n de la Naci\u00f3n Argentina\u201d y prometi\u00f3 continuar con las reformas estructurales iniciadas en 2024.<\/p>\n<p>A trav\u00e9s del Decreto 2\/2025,\u00a0 Javier Milei marc\u00f3 objetivo reafirmar el camino hacia la estabilizaci\u00f3n econ\u00f3mica, la libertad individual y el fortalecimiento institucional. El anuncio de este nuevo lema para 2025 sigue la l\u00ednea de su designaci\u00f3n previa de 2024 como el \u201cA\u00f1o de la defensa de la vida, la libertad y la propiedad de los argentinos\u201d. Sobre el anterior per\u00edodo, destac\u00f3 que su administraci\u00f3n logr\u00f3 \u201csuperar la profunda crisis econ\u00f3mica y social que afectaba al pa\u00eds, logrando sentar las bases para el desarrollo sostenible\u201d.<\/p>\n<p>\u201cEl Estado argentino presentaba un sobredimensionamiento estructural que afectaba negativamente el cumplimiento de sus fines esenciales en pos del bien com\u00fan, tanto en el plano social como en el econ\u00f3mico\u201d, consider\u00f3.<\/p>\n<p>El nuevo decreto dispone que durante todo el 2025, toda documentaci\u00f3n oficial de la Administraci\u00f3n P\u00fablica Nacional deber\u00e1 llevar la leyenda \u201cA\u00f1o de la Reconstrucci\u00f3n de la Naci\u00f3n Argentina\u201d. Adem\u00e1s, se invita a las provincias y a la Ciudad Aut\u00f3noma de Buenos Aires a adherir a esta iniciativa.<\/p>\n<p>Entre los principales puntos de reconstrucci\u00f3n durante el 2024, el Gobierno destac\u00f3 la reforma estructural del Estado, incluyendo la desburocratizaci\u00f3n y reorganizaci\u00f3n administrativa; a aprobaci\u00f3n de la Ley de Bases y Puntos de Partida para la Libertad de los Argentinos (Ley N.\u00ba 27.742), las pol\u00edticas que \u201cfomentaron la estabilizaci\u00f3n macroecon\u00f3mica y la liberalizaci\u00f3n econ\u00f3mica\u201d. \u201cEstas acciones permitieron un progreso significativo, aunque enfatiza la necesidad de profundizar las reformas para garantizar que los argentinos puedan prosperar en libertad y con seguridad jur\u00eddica\u201d, remarcaron.<\/p>\n<p>En ese sentido, el Ejecutivo ratific\u00f3 el rumbo establecido durante el primer a\u00f1o de gesti\u00f3n. \u201cResulta imperioso proseguir con la implementaci\u00f3n de aquellas reformas que har\u00e1n grande a la Argentina\u201d, sostuvo.<\/p>\n<p>&nbsp;<\/p>\n<p><strong>Los desaf\u00edos que Milei ve para 2025<\/strong><\/p>\n<p>El decreto presidencial adem\u00e1s consider\u00f3: \u201cEl desaf\u00edo de este nuevo a\u00f1o ser\u00e1 reconstruir los cimientos de la Naci\u00f3n Argentina a partir del esfuerzo conjunto de los ciudadanos y el compromiso con las ideas de la libertad&#8221;.<\/p>\n<p>En su mensaje, Milei enfatiz\u00f3 que el foco de este nuevo a\u00f1o ser\u00e1 la reconstrucci\u00f3n de los cimientos nacionales tanto aspectos econ\u00f3micos como sociales. Entre los principales desaf\u00edos enumer\u00f3:<\/p>\n<p><strong>-Fortalecimiento de la econom\u00eda:<\/strong> Continuar reduciendo el d\u00e9ficit fiscal y acumulando reservas internacionales para consolidar la estabilidad econ\u00f3mica.<\/p>\n<p><strong>-Reforma del Estado:<\/strong> Promover un Estado m\u00e1s eficiente y enfocado en servicios esenciales como la seguridad, la justicia y la infraestructura.<\/p>\n<p><strong>-Competitividad internacional:<\/strong> Impulsar la apertura comercial y la inversi\u00f3n extranjera directa como motores de crecimiento.<\/p>\n<p><strong>-Reconstrucci\u00f3n de valores:<\/strong> Reafirmar principios hist\u00f3ricos como el esfuerzo, la responsabilidad y el respeto por la propiedad privada.<\/p>\n","protected":false},"excerpt":{"rendered":"<p>El Presidente reiter\u00f3 su objetivo de reducir el gasto p\u00fablico y achicar el Estado. \u201cEl desaf\u00edo de este nuevo a\u00f1o ser\u00e1 reconstruir los cimientos de la Naci\u00f3n Argentina a partir del esfuerzo de los ciudadanos y el compromiso con las ideas de la libertad&#8221;, apunt\u00f3 &nbsp; &nbsp; El presidente Javier Milei decret\u00f3 que el 2025 ser\u00e1 reconocido como el \u201cA\u00f1o de la Reconstrucci\u00f3n de la Naci\u00f3n Argentina\u201d y prometi\u00f3 continuar con las reformas estructurales iniciadas en 2024. A trav\u00e9s del Decreto 2\/2025,\u00a0 Javier Milei marc\u00f3 objetivo reafirmar el camino hacia&#8230;<\/p>\n","protected":false},"author":3,"featured_media":120570,"comment_status":"closed","ping_status":"closed","sticky":false,"template":"","format":"standard","meta":[],"categories":[9],"tags":[],"_links":{"self":[{"href":"https:\/\/www.actualidadadiario.com\/index.php\/wp-json\/wp\/v2\/posts\/124255"}],"collection":[{"href":"https:\/\/www.actualidadadiario.com\/index.php\/wp-json\/wp\/v2\/posts"}],"about":[{"href":"https:\/\/www.actualidadadiario.com\/index.php\/wp-json\/wp\/v2\/types\/post"}],"author":[{"embeddable":true,"href":"https:\/\/www.actualidadadiario.com\/index.php\/wp-json\/wp\/v2\/users\/3"}],"replies":[{"embeddable":true,"href":"https:\/\/www.actualidadadiario.com\/index.php\/wp-json\/wp\/v2\/comments?post=124255"}],"version-history":[{"count":1,"href":"https:\/\/www.actualidadadiario.com\/index.php\/wp-json\/wp\/v2\/posts\/124255\/revisions"}],"predecessor-version":[{"id":124256,"href":"https:\/\/www.actualidadadiario.com\/index.php\/wp-json\/wp\/v2\/posts\/124255\/revisions\/124256"}],"wp:featuredmedia":[{"embeddable":true,"href":"https:\/\/www.actualidadadiario.com\/index.php\/wp-json\/wp\/v2\/media\/120570"}],"wp:attachment":[{"href":"https:\/\/www.actualidadadiario.com\/index.php\/wp-json\/wp\/v2\/media?parent=124255"}],"wp:term":[{"taxonomy":"category","embeddable":true,"href":"https:\/\/www.actualidadadiario.com\/index.php\/wp-json\/wp\/v2\/categories?post=124255"},{"taxonomy":"post_tag","embeddable":true,"href":"https:\/\/www.actualidadadiario.com\/index.php\/wp-json\/wp\/v2\/tags?post=124255"}],"curies":[{"name":"wp","href":"https:\/\/api.w.org\/{rel}","templated":true}]}}