{"id":124245,"date":"2025-01-03T12:42:18","date_gmt":"2025-01-03T15:42:18","guid":{"rendered":"https:\/\/www.actualidadadiario.com\/?p=124245"},"modified":"2025-01-03T12:42:18","modified_gmt":"2025-01-03T15:42:18","slug":"carlos-paz-cobrara-atencion-medica-a-turistas-a-partir-de-2025","status":"publish","type":"post","link":"https:\/\/www.actualidadadiario.com\/index.php\/2025\/01\/03\/carlos-paz-cobrara-atencion-medica-a-turistas-a-partir-de-2025\/","title":{"rendered":"Carlos Paz cobrar\u00e1 atenci\u00f3n m\u00e9dica a turistas a partir de 2025"},"content":{"rendered":"<p style=\"text-align: center;\"><em><strong>A partir de enero, los turistas que lleguen a Carlos Paz deber\u00e1n pagar por atenci\u00f3n m\u00e9dica. Un giro hacia la privatizaci\u00f3n del sistema de salud<\/strong><\/em><\/p>\n<p>&nbsp;<\/p>\n<p>&nbsp;<\/p>\n<p>La ciudad de Carlos Paz, en pleno coraz\u00f3n del Valle de Punilla, ha tomado una medida pol\u00e9mica que comenzar\u00e1 a regir desde el 1\u00b0 de enero de 2025: los turistas deber\u00e1n abonar por los servicios m\u00e9dicos. Esta disposici\u00f3n alcanza tanto a los visitantes temporales como a los residentes de municipios cercanos, si no cuentan con un domicilio constituido en la ciudad. La decisi\u00f3n ha generado un fuerte rechazo entre los profesionales de la salud y los sindicatos, quienes advierten que esta es solo una muestra del proceso de privatizaci\u00f3n de la salud p\u00fablica que se vive a nivel nacional.<\/p>\n<p>&nbsp;<\/p>\n<p><strong>\u00bfPor qu\u00e9 se tom\u00f3 esta decisi\u00f3n?<\/strong><\/p>\n<p>Seg\u00fan el Gobierno municipal, el sistema de salud local se ve desbordado en la temporada estival, cuando la poblaci\u00f3n de Carlos Paz llega a cuadruplicarse por la afluencia de turistas. La medida de cobrar por la atenci\u00f3n m\u00e9dica, aseguran, busca paliar el d\u00e9ficit financiero que enfrentan los efectores de salud durante los meses de mayor demanda. Los costos de atenci\u00f3n para los turistas ser\u00e1n: una consulta m\u00e9dica de guardia costar\u00e1 $5.000, una tomograf\u00eda computada $10.000, y una internaci\u00f3n en terapia intensiva llegar\u00e1 a los $60.000 por d\u00eda.<\/p>\n<p>&#8220;A veces, la cantidad de personas que atendemos supera con creces nuestras capacidades, y los fondos de la provincia no alcanzan para cubrir las necesidades de la ciudad en estos momentos&#8221;, se\u00f1al\u00f3 el intendente de Carlos Paz, Daniel Avil\u00e9s, en declaraciones a medios locales.<\/p>\n<p>&nbsp;<\/p>\n<p><strong>Rechazo por parte de profesionales de la salud<\/strong><\/p>\n<p>El m\u00e9dico y mag\u00edster en Salud P\u00fablica, Oscar Atienza, es uno de los principales cr\u00edticos de esta medida y expres\u00f3 su preocupaci\u00f3n por la direcci\u00f3n que est\u00e1 tomando el sistema sanitario en el pa\u00eds. &#8220;Carlos Paz no solo cobrar\u00e1 a los turistas, sino tambi\u00e9n a los vecinos de los municipios cercanos. Con esto, comienza el proceso de privatizaci\u00f3n de la salud a nivel nacional, donde se est\u00e1 generando una divisi\u00f3n entre ciudadanos de primera y de segunda&#8221;, alert\u00f3.<\/p>\n<p>Atienza tambi\u00e9n destac\u00f3 el peligro que implica que la salud se convierta en un bien de mercado, se\u00f1alando que se est\u00e1 creando una &#8220;cadena de intendentes&#8221; que seguir\u00e1n el ejemplo de Carlos Paz. &#8220;Si esto sigue, en poco tiempo todos los argentinos terminaremos pagando por la salud&#8221;, afirm\u00f3.<\/p>\n<p>&nbsp;<\/p>\n<p><strong>La voz de los trabajadores<\/strong><\/p>\n<p>Por su parte, la Asociaci\u00f3n Trabajadores del Estado (ATE) C\u00f3rdoba ha sido clara en su repudio. En un comunicado, la entidad afirm\u00f3 que la medida afecta principalmente a los sectores de menores ingresos que dependen de la salud p\u00fablica. &#8220;Este ajuste, que responde a la pol\u00edtica del gobierno de Javier Milei, golpea a los sectores populares y a quienes vienen a vacacionar a Carlos Paz, un lugar que vive del turismo&#8221;, sostuvo el sindicato.<\/p>\n<p>Un cambio en el sistema de salud: m\u00e1s all\u00e1 de Carlos Paz<\/p>\n<p>Este tipo de medidas no son aisladas. En las \u00faltimas semanas, provincias como Salta, Mendoza y Jujuy tambi\u00e9n implementaron pol\u00edticas similares para cobrar a los turistas extranjeros por la atenci\u00f3n m\u00e9dica. &#8220;Se empieza a generar una divisi\u00f3n entre los que pueden pagar por la salud y los que no. Esta tendencia de fragmentar la atenci\u00f3n sanitaria est\u00e1 avanzando y puede afectar a todos los ciudadanos&#8221;, agreg\u00f3 Atienza.<\/p>\n<p>El exsubsecretario de Estrategias Sanitarias, Juan Manuel Castelli, tambi\u00e9n alert\u00f3 sobre los efectos negativos de este tipo de medidas: &#8220;La privatizaci\u00f3n de la salud aumenta la fragmentaci\u00f3n del sistema, lo que impacta en la equidad del acceso&#8221;, afirm\u00f3. Para Castelli, si bien el turismo genera una importante fuente de ingresos para ciudades como Carlos Paz, cobrar por atenci\u00f3n m\u00e9dica podr\u00eda afectar negativamente la imagen de la ciudad y la experiencia de quienes la visitan.<\/p>\n<p>&nbsp;<\/p>\n<p><strong>\u00bfEl principio del fin de la salud p\u00fablica gratuita?<\/strong><\/p>\n<p>La medida en Carlos Paz se inserta dentro de un contexto m\u00e1s amplio de cambios en la pol\u00edtica sanitaria nacional. Durante los \u00faltimos a\u00f1os, la administraci\u00f3n de Javier Milei ha puesto en marcha un ajuste que afecta a diversos sectores del Estado, y la salud no ha sido la excepci\u00f3n. En este marco, las pol\u00edticas de privatizaci\u00f3n y de reducci\u00f3n de los subsidios estatales a los servicios p\u00fablicos parecen estar tomando fuerza, con el impacto inmediato sobre los derechos de los ciudadanos a acceder a servicios m\u00e9dicos sin distinci\u00f3n de su capacidad econ\u00f3mica.<\/p>\n<p>Este avance hacia la privatizaci\u00f3n, afirman los expertos, no solo pone en riesgo la salud p\u00fablica, sino tambi\u00e9n el principio de justicia social que ha caracterizado al sistema sanitario argentino durante d\u00e9cadas.<\/p>\n<p>&nbsp;<\/p>\n<p><strong>El futuro incierto de la salud p\u00fablica<\/strong><\/p>\n<p>El debate sobre el futuro de la salud p\u00fablica en Argentina se encuentra en una encrucijada. La tendencia a la privatizaci\u00f3n de los servicios podr\u00eda tener repercusiones en todo el pa\u00eds, no solo en las grandes ciudades, sino tambi\u00e9n en localidades que dependen del turismo para su econom\u00eda. \u00bfSer\u00e1 este el comienzo de una serie de medidas que fragmenten a\u00fan m\u00e1s el acceso a la salud en todo el territorio nacional?<\/p>\n<p>Para muchos, el sistema de salud argentino ha sido un ejemplo de inclusi\u00f3n y accesibilidad, pero con los cambios que se est\u00e1n implementando, el futuro de la atenci\u00f3n m\u00e9dica para todos los ciudadanos, sin importar su condici\u00f3n social o su lugar de residencia, est\u00e1 cada vez m\u00e1s incierto.<\/p>\n","protected":false},"excerpt":{"rendered":"<p>A partir de enero, los turistas que lleguen a Carlos Paz deber\u00e1n pagar por atenci\u00f3n m\u00e9dica. Un giro hacia la privatizaci\u00f3n del sistema de salud &nbsp; &nbsp; La ciudad de Carlos Paz, en pleno coraz\u00f3n del Valle de Punilla, ha tomado una medida pol\u00e9mica que comenzar\u00e1 a regir desde el 1\u00b0 de enero de 2025: los turistas deber\u00e1n abonar por los servicios m\u00e9dicos. Esta disposici\u00f3n alcanza tanto a los visitantes temporales como a los residentes de municipios cercanos, si no cuentan con un domicilio constituido en la ciudad. La decisi\u00f3n&#8230;<\/p>\n","protected":false},"author":3,"featured_media":124246,"comment_status":"closed","ping_status":"closed","sticky":false,"template":"","format":"standard","meta":[],"categories":[2],"tags":[],"_links":{"self":[{"href":"https:\/\/www.actualidadadiario.com\/index.php\/wp-json\/wp\/v2\/posts\/124245"}],"collection":[{"href":"https:\/\/www.actualidadadiario.com\/index.php\/wp-json\/wp\/v2\/posts"}],"about":[{"href":"https:\/\/www.actualidadadiario.com\/index.php\/wp-json\/wp\/v2\/types\/post"}],"author":[{"embeddable":true,"href":"https:\/\/www.actualidadadiario.com\/index.php\/wp-json\/wp\/v2\/users\/3"}],"replies":[{"embeddable":true,"href":"https:\/\/www.actualidadadiario.com\/index.php\/wp-json\/wp\/v2\/comments?post=124245"}],"version-history":[{"count":1,"href":"https:\/\/www.actualidadadiario.com\/index.php\/wp-json\/wp\/v2\/posts\/124245\/revisions"}],"predecessor-version":[{"id":124247,"href":"https:\/\/www.actualidadadiario.com\/index.php\/wp-json\/wp\/v2\/posts\/124245\/revisions\/124247"}],"wp:featuredmedia":[{"embeddable":true,"href":"https:\/\/www.actualidadadiario.com\/index.php\/wp-json\/wp\/v2\/media\/124246"}],"wp:attachment":[{"href":"https:\/\/www.actualidadadiario.com\/index.php\/wp-json\/wp\/v2\/media?parent=124245"}],"wp:term":[{"taxonomy":"category","embeddable":true,"href":"https:\/\/www.actualidadadiario.com\/index.php\/wp-json\/wp\/v2\/categories?post=124245"},{"taxonomy":"post_tag","embeddable":true,"href":"https:\/\/www.actualidadadiario.com\/index.php\/wp-json\/wp\/v2\/tags?post=124245"}],"curies":[{"name":"wp","href":"https:\/\/api.w.org\/{rel}","templated":true}]}}