{"id":124230,"date":"2025-01-03T11:49:10","date_gmt":"2025-01-03T14:49:10","guid":{"rendered":"https:\/\/www.actualidadadiario.com\/?p=124230"},"modified":"2025-01-03T11:49:10","modified_gmt":"2025-01-03T14:49:10","slug":"este-sabado-se-realiza-el-lanzamiento-oficial-del-carnaval-de-concordia","status":"publish","type":"post","link":"https:\/\/www.actualidadadiario.com\/index.php\/2025\/01\/03\/este-sabado-se-realiza-el-lanzamiento-oficial-del-carnaval-de-concordia\/","title":{"rendered":"Este s\u00e1bado se realiza el lanzamiento oficial del Carnaval de Concordia"},"content":{"rendered":"<p style=\"text-align: center;\"><em><strong>El evento organizado por el Ente Permanente de Carnaval reunir\u00e1 a autoridades de la gesti\u00f3n local, representantes de las cuatro comparsas e invitados especiales<\/strong><\/em><\/p>\n<p>&nbsp;<\/p>\n<p>&nbsp;<\/p>\n<p>Este s\u00e1bado 4 de enero se llevar\u00e1 a cabo el lanzamiento oficial de la edici\u00f3n 2025 del Carnaval de Concordia. El mismo se desarrollar\u00e1 en el Centro de Convenciones Concordia, a partir de las 20 horas.<\/p>\n<p>El evento organizado por el Ente Permanente de Carnaval, reunir\u00e1 a autoridades de la gesti\u00f3n local, representantes de las cuatro comparsas e invitados especiales.<\/p>\n<p>En ese sentido, Bater\u00eda Nota Mil, Bater\u00eda TNT, Bater\u00eda Nota 10 y la Bater\u00eda Eterna Guerrera har\u00e1n vibrar al p\u00fablico presente con sus ritmos variados, en lo que promete ser un adelanto de lo que realizar\u00e1n en la manga del Cors\u00f3dromo Atanasio Bonfiglio. Adem\u00e1s, los m\u00fasicos de cada agrupaci\u00f3n entonaran las estrofas de cada uno de los samba enredo.<\/p>\n<p>Desde la organizaci\u00f3n destacan que en el evento se mencionar\u00e1n novedades para la nueva edici\u00f3n. Asimismo, indicaron que habr\u00e1 distintas propuestas art\u00edsticas de parte de los carnavaleros. En \u00faltimo t\u00e9rmino, se mencionar\u00e1 parte del trabajo realizado hasta la fecha por el Ente de Carnaval.<\/p>\n<p>En relaci\u00f3n a ello, el director del Ente Permanente de Carnaval Luis S\u00e1nchez adelant\u00f3 que \u201cel evento contar\u00e1 con la presencia de funcionarios, la familia carnavalera y p\u00fablico en general. Habr\u00e1 sorteos de entradas para el Carnaval, indumentaria, entre otros obsequios\u201d.<\/p>\n<p>Adem\u00e1s, \u201ca modo de colaborar con cada comparsa, cada una de ellas tendr\u00e1 sus cantinas a disposici\u00f3n de la gente con el objetivo de que puedan generar ingresos de cara a la recta final del carnaval\u201d, agreg\u00f3 S\u00e1nchez.<\/p>\n","protected":false},"excerpt":{"rendered":"<p>El evento organizado por el Ente Permanente de Carnaval reunir\u00e1 a autoridades de la gesti\u00f3n local, representantes de las cuatro comparsas e invitados especiales &nbsp; &nbsp; Este s\u00e1bado 4 de enero se llevar\u00e1 a cabo el lanzamiento oficial de la edici\u00f3n 2025 del Carnaval de Concordia. El mismo se desarrollar\u00e1 en el Centro de Convenciones Concordia, a partir de las 20 horas. El evento organizado por el Ente Permanente de Carnaval, reunir\u00e1 a autoridades de la gesti\u00f3n local, representantes de las cuatro comparsas e invitados especiales. En ese sentido, Bater\u00eda&#8230;<\/p>\n","protected":false},"author":3,"featured_media":124231,"comment_status":"closed","ping_status":"closed","sticky":false,"template":"","format":"standard","meta":[],"categories":[15],"tags":[],"_links":{"self":[{"href":"https:\/\/www.actualidadadiario.com\/index.php\/wp-json\/wp\/v2\/posts\/124230"}],"collection":[{"href":"https:\/\/www.actualidadadiario.com\/index.php\/wp-json\/wp\/v2\/posts"}],"about":[{"href":"https:\/\/www.actualidadadiario.com\/index.php\/wp-json\/wp\/v2\/types\/post"}],"author":[{"embeddable":true,"href":"https:\/\/www.actualidadadiario.com\/index.php\/wp-json\/wp\/v2\/users\/3"}],"replies":[{"embeddable":true,"href":"https:\/\/www.actualidadadiario.com\/index.php\/wp-json\/wp\/v2\/comments?post=124230"}],"version-history":[{"count":1,"href":"https:\/\/www.actualidadadiario.com\/index.php\/wp-json\/wp\/v2\/posts\/124230\/revisions"}],"predecessor-version":[{"id":124232,"href":"https:\/\/www.actualidadadiario.com\/index.php\/wp-json\/wp\/v2\/posts\/124230\/revisions\/124232"}],"wp:featuredmedia":[{"embeddable":true,"href":"https:\/\/www.actualidadadiario.com\/index.php\/wp-json\/wp\/v2\/media\/124231"}],"wp:attachment":[{"href":"https:\/\/www.actualidadadiario.com\/index.php\/wp-json\/wp\/v2\/media?parent=124230"}],"wp:term":[{"taxonomy":"category","embeddable":true,"href":"https:\/\/www.actualidadadiario.com\/index.php\/wp-json\/wp\/v2\/categories?post=124230"},{"taxonomy":"post_tag","embeddable":true,"href":"https:\/\/www.actualidadadiario.com\/index.php\/wp-json\/wp\/v2\/tags?post=124230"}],"curies":[{"name":"wp","href":"https:\/\/api.w.org\/{rel}","templated":true}]}}