{"id":124224,"date":"2025-01-03T11:46:45","date_gmt":"2025-01-03T14:46:45","guid":{"rendered":"https:\/\/www.actualidadadiario.com\/?p=124224"},"modified":"2025-01-03T11:46:45","modified_gmt":"2025-01-03T14:46:45","slug":"calor-en-ascenso-cuando-y-en-que-zonas-de-entre-rios-pronostican-36c","status":"publish","type":"post","link":"https:\/\/www.actualidadadiario.com\/index.php\/2025\/01\/03\/calor-en-ascenso-cuando-y-en-que-zonas-de-entre-rios-pronostican-36c\/","title":{"rendered":"Calor en ascenso: cu\u00e1ndo y en qu\u00e9 zonas de Entre R\u00edos pronostican 36\u00b0C"},"content":{"rendered":"<p style=\"text-align: center;\"><em><strong>Se prev\u00e9n varios d\u00edas de calor en Entre R\u00edos. Las temperaturas ir\u00e1n en ascenso y no hay anuncio de lluvias por ahora<\/strong><\/em><\/p>\n<p>&nbsp;<\/p>\n<p>&nbsp;<\/p>\n<p>El Servicio Meteorol\u00f3gico Nacional \u2013SMN\u2013 anuncia aumento de las temperaturas por varios d\u00edas en Entre R\u00edos. Incluso, el calor se sentir\u00e1 sobre todo la semana que viene, con m\u00e1ximas que podr\u00edan trepar hasta los 36 grados en algunas zonas.<\/p>\n<p>El pron\u00f3stico extendido indica buenas condiciones del tiempo, con nubosidad variable y sin anuncio de lluvias por el momento. La ola de calor ser\u00e1 protagonista, con t\u00e9rmicas anunciadas de entre 34 y 36 grados entre el martes 7 y el jueves 9 de enero.<\/p>\n<p>&nbsp;<\/p>\n<p><strong>Temperaturas anunciadas en Entre R\u00edos, por zonas<\/strong><\/p>\n<p>En Paran\u00e1, La Paz, Victoria, Nogoy\u00e1 y Diamante se pronostican 34 grados durante este fin de semana y el lunes. En tanto, el martes se prev\u00e9n 36 grados.<\/p>\n<p>En Concordia, Federal, Federaci\u00f3n, Feliciano y San Salvador se esperan m\u00e1ximas de entre 31 y 33 grados este fin de semana, mientras que el mi\u00e9rcoles y jueves de la semana pr\u00f3ximos se aguardan 34 grados.<\/p>\n<p>En Gualeguaych\u00fa, Islas, Tala, Concepci\u00f3n del Uruguay y Col\u00f3n se prev\u00e9 un fin de semana con 32 grados, mientras que la semana pr\u00f3xima trepar\u00edan hasta los 33 grados.<\/p>\n<p>En Victoria y Gualeguay, en tanto, se aguardan entre 32 y 33 grados este fin de semana. El martes tambi\u00e9n se anticipan 36 grados en esta zona.<\/p>\n","protected":false},"excerpt":{"rendered":"<p>Se prev\u00e9n varios d\u00edas de calor en Entre R\u00edos. Las temperaturas ir\u00e1n en ascenso y no hay anuncio de lluvias por ahora &nbsp; &nbsp; El Servicio Meteorol\u00f3gico Nacional \u2013SMN\u2013 anuncia aumento de las temperaturas por varios d\u00edas en Entre R\u00edos. Incluso, el calor se sentir\u00e1 sobre todo la semana que viene, con m\u00e1ximas que podr\u00edan trepar hasta los 36 grados en algunas zonas. El pron\u00f3stico extendido indica buenas condiciones del tiempo, con nubosidad variable y sin anuncio de lluvias por el momento. La ola de calor ser\u00e1 protagonista, con t\u00e9rmicas&#8230;<\/p>\n","protected":false},"author":3,"featured_media":124225,"comment_status":"closed","ping_status":"closed","sticky":false,"template":"","format":"standard","meta":[],"categories":[15],"tags":[],"_links":{"self":[{"href":"https:\/\/www.actualidadadiario.com\/index.php\/wp-json\/wp\/v2\/posts\/124224"}],"collection":[{"href":"https:\/\/www.actualidadadiario.com\/index.php\/wp-json\/wp\/v2\/posts"}],"about":[{"href":"https:\/\/www.actualidadadiario.com\/index.php\/wp-json\/wp\/v2\/types\/post"}],"author":[{"embeddable":true,"href":"https:\/\/www.actualidadadiario.com\/index.php\/wp-json\/wp\/v2\/users\/3"}],"replies":[{"embeddable":true,"href":"https:\/\/www.actualidadadiario.com\/index.php\/wp-json\/wp\/v2\/comments?post=124224"}],"version-history":[{"count":1,"href":"https:\/\/www.actualidadadiario.com\/index.php\/wp-json\/wp\/v2\/posts\/124224\/revisions"}],"predecessor-version":[{"id":124226,"href":"https:\/\/www.actualidadadiario.com\/index.php\/wp-json\/wp\/v2\/posts\/124224\/revisions\/124226"}],"wp:featuredmedia":[{"embeddable":true,"href":"https:\/\/www.actualidadadiario.com\/index.php\/wp-json\/wp\/v2\/media\/124225"}],"wp:attachment":[{"href":"https:\/\/www.actualidadadiario.com\/index.php\/wp-json\/wp\/v2\/media?parent=124224"}],"wp:term":[{"taxonomy":"category","embeddable":true,"href":"https:\/\/www.actualidadadiario.com\/index.php\/wp-json\/wp\/v2\/categories?post=124224"},{"taxonomy":"post_tag","embeddable":true,"href":"https:\/\/www.actualidadadiario.com\/index.php\/wp-json\/wp\/v2\/tags?post=124224"}],"curies":[{"name":"wp","href":"https:\/\/api.w.org\/{rel}","templated":true}]}}