{"id":124204,"date":"2024-12-27T17:04:51","date_gmt":"2024-12-27T20:04:51","guid":{"rendered":"https:\/\/www.actualidadadiario.com\/?p=124204"},"modified":"2024-12-27T17:04:51","modified_gmt":"2024-12-27T20:04:51","slug":"crisis-en-alemania-llaman-a-elecciones-anticipadas-tras-caer-el-gobierno-de-olaf-scholz","status":"publish","type":"post","link":"https:\/\/www.actualidadadiario.com\/index.php\/2024\/12\/27\/crisis-en-alemania-llaman-a-elecciones-anticipadas-tras-caer-el-gobierno-de-olaf-scholz\/","title":{"rendered":"Crisis en Alemania: llaman a elecciones anticipadas tras caer el gobierno de Olaf Scholz"},"content":{"rendered":"<p style=\"text-align: center;\"><em><strong>Esta decisi\u00f3n marca un giro en la pol\u00edtica alemana, reflejo de los conflictos internos en la coalici\u00f3n de gobierno y los debates nacionales en torno a la econom\u00eda, la seguridad y la migraci\u00f3n<\/strong><\/em><\/p>\n<p>&nbsp;<\/p>\n<p>&nbsp;<\/p>\n<p>El presidente alem\u00e1n Frank-Walter Steinmeier anunci\u00f3 oficialmente la disoluci\u00f3n del Parlamento y convoc\u00f3 elecciones anticipadas para el 23 de febrero, tras la crisis pol\u00edtica que llev\u00f3 a la ca\u00edda del gobierno liderado por el socialdem\u00f3crata Olaf Scholz. Esta decisi\u00f3n marca un giro en la pol\u00edtica alemana, reflejo de los conflictos internos en la coalici\u00f3n de gobierno y los debates nacionales en torno a la econom\u00eda, la seguridad y la migraci\u00f3n.<\/p>\n<p>La ruptura de la coalici\u00f3n gobernante se produjo tras diferencias insalvables sobre c\u00f3mo revitalizar la econom\u00eda alemana, la mayor de la Uni\u00f3n Europea, y el atropello mortal en un mercado navide\u00f1o en Magdeburgo, que reaviv\u00f3 tensiones sobre las pol\u00edticas migratorias y de seguridad.<\/p>\n<p>Scholz continuar\u00e1 como canciller interino hasta que un nuevo gobierno asuma el poder, un proceso que podr\u00eda extenderse varios meses.<\/p>\n<p>&nbsp;<\/p>\n<p><strong>Llamado a elecciones transparentes y desaf\u00edos para el pr\u00f3ximo gobierno<\/strong><\/p>\n<p>En su declaraci\u00f3n, Steinmeier subray\u00f3 la importancia de garantizar una campa\u00f1a electoral basada en el respeto y la transparencia. Expres\u00f3 su preocupaci\u00f3n por las posibles influencias extranjeras, especialmente a trav\u00e9s de redes sociales como X y TikTok, y llam\u00f3 a evitar la propagaci\u00f3n de odio, violencia o desinformaci\u00f3n, factores que consider\u00f3 &#8220;veneno para la democracia&#8221;. La Uni\u00f3n Europea ya hab\u00eda iniciado investigaciones sobre el uso de estas plataformas para influir en procesos electorales recientes.<\/p>\n<p>Adem\u00e1s de la estabilidad pol\u00edtica, el futuro gobierno enfrentar\u00e1 retos significativos como la recuperaci\u00f3n econ\u00f3mica, la gesti\u00f3n de las guerras en Ucrania y Oriente Medio, y la implementaci\u00f3n de pol\u00edticas sobre migraci\u00f3n y cambio clim\u00e1tico. La convocatoria anticipada a\u00f1ade presi\u00f3n sobre los partidos para presentar propuestas s\u00f3lidas en un contexto de incertidumbre y creciente polarizaci\u00f3n.<\/p>\n","protected":false},"excerpt":{"rendered":"<p>Esta decisi\u00f3n marca un giro en la pol\u00edtica alemana, reflejo de los conflictos internos en la coalici\u00f3n de gobierno y los debates nacionales en torno a la econom\u00eda, la seguridad y la migraci\u00f3n &nbsp; &nbsp; El presidente alem\u00e1n Frank-Walter Steinmeier anunci\u00f3 oficialmente la disoluci\u00f3n del Parlamento y convoc\u00f3 elecciones anticipadas para el 23 de febrero, tras la crisis pol\u00edtica que llev\u00f3 a la ca\u00edda del gobierno liderado por el socialdem\u00f3crata Olaf Scholz. Esta decisi\u00f3n marca un giro en la pol\u00edtica alemana, reflejo de los conflictos internos en la coalici\u00f3n de&#8230;<\/p>\n","protected":false},"author":3,"featured_media":124205,"comment_status":"closed","ping_status":"closed","sticky":false,"template":"","format":"standard","meta":[],"categories":[4],"tags":[],"_links":{"self":[{"href":"https:\/\/www.actualidadadiario.com\/index.php\/wp-json\/wp\/v2\/posts\/124204"}],"collection":[{"href":"https:\/\/www.actualidadadiario.com\/index.php\/wp-json\/wp\/v2\/posts"}],"about":[{"href":"https:\/\/www.actualidadadiario.com\/index.php\/wp-json\/wp\/v2\/types\/post"}],"author":[{"embeddable":true,"href":"https:\/\/www.actualidadadiario.com\/index.php\/wp-json\/wp\/v2\/users\/3"}],"replies":[{"embeddable":true,"href":"https:\/\/www.actualidadadiario.com\/index.php\/wp-json\/wp\/v2\/comments?post=124204"}],"version-history":[{"count":1,"href":"https:\/\/www.actualidadadiario.com\/index.php\/wp-json\/wp\/v2\/posts\/124204\/revisions"}],"predecessor-version":[{"id":124206,"href":"https:\/\/www.actualidadadiario.com\/index.php\/wp-json\/wp\/v2\/posts\/124204\/revisions\/124206"}],"wp:featuredmedia":[{"embeddable":true,"href":"https:\/\/www.actualidadadiario.com\/index.php\/wp-json\/wp\/v2\/media\/124205"}],"wp:attachment":[{"href":"https:\/\/www.actualidadadiario.com\/index.php\/wp-json\/wp\/v2\/media?parent=124204"}],"wp:term":[{"taxonomy":"category","embeddable":true,"href":"https:\/\/www.actualidadadiario.com\/index.php\/wp-json\/wp\/v2\/categories?post=124204"},{"taxonomy":"post_tag","embeddable":true,"href":"https:\/\/www.actualidadadiario.com\/index.php\/wp-json\/wp\/v2\/tags?post=124204"}],"curies":[{"name":"wp","href":"https:\/\/api.w.org\/{rel}","templated":true}]}}