{"id":124202,"date":"2024-12-27T17:03:41","date_gmt":"2024-12-27T20:03:41","guid":{"rendered":"https:\/\/www.actualidadadiario.com\/?p=124202"},"modified":"2024-12-27T17:03:41","modified_gmt":"2024-12-27T20:03:41","slug":"asi-quedo-el-calendario-nacional-de-feriados-2025","status":"publish","type":"post","link":"https:\/\/www.actualidadadiario.com\/index.php\/2024\/12\/27\/asi-quedo-el-calendario-nacional-de-feriados-2025\/","title":{"rendered":"As\u00ed qued\u00f3 el calendario nacional de feriados 2025"},"content":{"rendered":"<p style=\"text-align: center;\"><em><strong>La Vicejefatura de Gabinete del Interior inform\u00f3 qu\u00e9 d\u00edas caer\u00e1n los feriados y d\u00edas no laborables del a\u00f1o entrante, los cuales crear\u00e1n fines de semana largos y muchas oportunidades para desenchufarse<\/strong><\/em><\/p>\n<p>&nbsp;<\/p>\n<p>&nbsp;<\/p>\n<p>A pocos d\u00edas para el cierre del 2024 y la llegada de A\u00f1o Nuevo, el Gobierno dio a conocer el calendario de feriados nacionales y d\u00edas no laborales 2025. De esta manera, muchas personas que ya piensan en una mini escapada o en las merecidas vacaciones podr\u00e1n organizarse con anticipaci\u00f3n de cara al a\u00f1o pr\u00f3ximo.<\/p>\n<p>El calendario se fij\u00f3 a trav\u00e9s del decreto 1027\/2024 y la Ley 27.399. Los feriados y d\u00edas no laborales que crear\u00e1n fines de semana largos y muchas oportunidades para desconectar de la rutina.<\/p>\n<p>En total ser\u00e1n 19 d\u00edas festivos entre feriados inamovibles, d\u00edas trasladables y no laborables. Estos d\u00edas ofrecen oportunidades m\u00faltiples para organizar alguna escapada o viaje de descanso.<\/p>\n<p>&nbsp;<\/p>\n<p><strong>\u00bfCu\u00e1les ser\u00e1n los feriados nacionales de 2025?<\/strong><\/p>\n<p>Mes a mes, detallamos todos los feriados nacionales para 2025. A saber:<\/p>\n<p><strong>Enero<\/strong><\/p>\n<ul>\n<li>mi\u00e9rcoles 1: A\u00f1o Nuevo (feriado inamovible).<\/li>\n<\/ul>\n<p><strong>Marzo<\/strong><\/p>\n<ul>\n<li>lunes 3 y martes 4: Carnaval (feriados inamovibles).<\/li>\n<li>lunes 24: D\u00eda Nacional de la Memoria por la Verdad y la Justicia (feriado inamovible).<\/li>\n<\/ul>\n<p><strong>Abril<\/strong><\/p>\n<ul>\n<li>mi\u00e9rcoles 2: D\u00eda del Veterano y de los Ca\u00eddos en la Guerra de Malvinas (feriado inamovible).<\/li>\n<li>jueves 17: Jueves Santo (d\u00eda no laborable).<\/li>\n<li>viernes 18: Viernes Santo (feriado inamovible).<\/li>\n<\/ul>\n<p>Mayo<\/p>\n<ul>\n<li>jueves 1: D\u00eda del Trabajador (feriado inamovible).<\/li>\n<li>viernes 2: D\u00eda no laborable con fines tur\u00edsticos.<\/li>\n<li>domingo 25: D\u00eda de la Revoluci\u00f3n de Mayo (feriado inamovible).<\/li>\n<\/ul>\n<p>Junio<\/p>\n<ul>\n<li>lunes 16: Paso a la Inmortalidad del General Don Mart\u00edn Miguel de G\u00fcemes (se traslada desde el martes 17).<\/li>\n<li>viernes 20: Paso a la Inmortalidad del General Don Manuel Belgrano (feriado inamovible).<\/li>\n<\/ul>\n<p>Julio<\/p>\n<ul>\n<li>mi\u00e9rcoles 9: D\u00eda de la Independencia (feriado inamovible).<\/li>\n<\/ul>\n<p>Agosto<\/p>\n<ul>\n<li>viernes 15: D\u00eda no laborable con fines tur\u00edsticos.<\/li>\n<li>domingo 17: Paso a la Inmortalidad del General Don Jos\u00e9 de San Mart\u00edn (feriado trasladable).<\/li>\n<\/ul>\n<p>Octubre<\/p>\n<ul>\n<li>domingo 12: D\u00eda del Respeto a la Diversidad Cultural (feriado trasladable) \u2014El Gobierno decidi\u00f3 volver a nombrar a esta fecha como &#8216;D\u00eda de la Raza&#8217;\u2014.<\/li>\n<\/ul>\n<p>Noviembre<\/p>\n<ul>\n<li>viernes 21: D\u00eda no laborable con fines tur\u00edsticos.<\/li>\n<li>lunes 24: D\u00eda de la Soberan\u00eda Nacional (se traslada desde el jueves 20).<\/li>\n<\/ul>\n<p>Diciembre<\/p>\n<ul>\n<li>lunes 8: D\u00eda de la Inmaculada Concepci\u00f3n de Mar\u00eda (feriado inamovible).<\/li>\n<li>jueves 25: Navidad (feriado inamovible).<\/li>\n<\/ul>\n<p>&nbsp;<\/p>\n<p><strong>\u00bfCu\u00e1les ser\u00e1n los fines de semana largo de 2025?<\/strong><\/p>\n<p>En 2025 habr\u00e1 en Argentina un total de cinco fines de semana largo. A continuaci\u00f3n te los detallamos uno por uno:<\/p>\n<ul>\n<li>Del 1 al 4 de marzo: 4 d\u00edas de descanso por Carnaval.<\/li>\n<li>Del 1 al 4 de mayo: 4 d\u00edas de descanso por el D\u00eda del Trabajador y el d\u00eda no laborable con fines tur\u00edsticos (viernes 2).<\/li>\n<li>Del 15 al 17 de agosto: 3 d\u00edas de descanso por el d\u00eda no laborable con fines tur\u00edsticos del viernes 15 de agosto y el Paso a la Inmortalidad del General Jos\u00e9 de San Mart\u00edn (domingo 17).<\/li>\n<li>Del 21 al 24 de noviembre: 4 d\u00edas de descanso por el d\u00eda no laborable con fines tur\u00edsticos del viernes 21 y el D\u00eda de la Soberan\u00eda Nacional trasladado al lunes 24.<\/li>\n<li>Del 6 al 8 de diciembre: 3 d\u00edas de descanso por el D\u00eda de la Inmaculada Concepci\u00f3n de Mar\u00eda (lunes 8).<\/li>\n<\/ul>\n<p>&nbsp;<\/p>\n<p><strong>\u00bfCu\u00e1les son los d\u00edas no laborables con fines tur\u00edsticos de 2025?<\/strong><\/p>\n<p>El gobierno del presidente Milei decret\u00f3 como d\u00edas no laborables con fines tur\u00edsticos para 2025 los siguientes d\u00edas:<\/p>\n<ul>\n<li>viernes 2 de mayo, previo al 1 de mayo: D\u00eda Internacional del Trabajador<\/li>\n<li>viernes 15 de agosto, previo al 17 de agosto: Paso a la Inmortalidad del General Jos\u00e9 de San Mart\u00edn<\/li>\n<li>viernes 21 de noviembre, cercano al 20 de noviembre: D\u00eda de la Soberan\u00eda Nacional, que se trasladar\u00e1 al lunes 24 de noviembre.<\/li>\n<\/ul>\n","protected":false},"excerpt":{"rendered":"<p>La Vicejefatura de Gabinete del Interior inform\u00f3 qu\u00e9 d\u00edas caer\u00e1n los feriados y d\u00edas no laborables del a\u00f1o entrante, los cuales crear\u00e1n fines de semana largos y muchas oportunidades para desenchufarse &nbsp; &nbsp; A pocos d\u00edas para el cierre del 2024 y la llegada de A\u00f1o Nuevo, el Gobierno dio a conocer el calendario de feriados nacionales y d\u00edas no laborales 2025. De esta manera, muchas personas que ya piensan en una mini escapada o en las merecidas vacaciones podr\u00e1n organizarse con anticipaci\u00f3n de cara al a\u00f1o pr\u00f3ximo. El calendario&#8230;<\/p>\n","protected":false},"author":3,"featured_media":122212,"comment_status":"closed","ping_status":"closed","sticky":false,"template":"","format":"standard","meta":[],"categories":[4],"tags":[],"_links":{"self":[{"href":"https:\/\/www.actualidadadiario.com\/index.php\/wp-json\/wp\/v2\/posts\/124202"}],"collection":[{"href":"https:\/\/www.actualidadadiario.com\/index.php\/wp-json\/wp\/v2\/posts"}],"about":[{"href":"https:\/\/www.actualidadadiario.com\/index.php\/wp-json\/wp\/v2\/types\/post"}],"author":[{"embeddable":true,"href":"https:\/\/www.actualidadadiario.com\/index.php\/wp-json\/wp\/v2\/users\/3"}],"replies":[{"embeddable":true,"href":"https:\/\/www.actualidadadiario.com\/index.php\/wp-json\/wp\/v2\/comments?post=124202"}],"version-history":[{"count":1,"href":"https:\/\/www.actualidadadiario.com\/index.php\/wp-json\/wp\/v2\/posts\/124202\/revisions"}],"predecessor-version":[{"id":124203,"href":"https:\/\/www.actualidadadiario.com\/index.php\/wp-json\/wp\/v2\/posts\/124202\/revisions\/124203"}],"wp:featuredmedia":[{"embeddable":true,"href":"https:\/\/www.actualidadadiario.com\/index.php\/wp-json\/wp\/v2\/media\/122212"}],"wp:attachment":[{"href":"https:\/\/www.actualidadadiario.com\/index.php\/wp-json\/wp\/v2\/media?parent=124202"}],"wp:term":[{"taxonomy":"category","embeddable":true,"href":"https:\/\/www.actualidadadiario.com\/index.php\/wp-json\/wp\/v2\/categories?post=124202"},{"taxonomy":"post_tag","embeddable":true,"href":"https:\/\/www.actualidadadiario.com\/index.php\/wp-json\/wp\/v2\/tags?post=124202"}],"curies":[{"name":"wp","href":"https:\/\/api.w.org\/{rel}","templated":true}]}}