{"id":124193,"date":"2024-12-27T16:40:08","date_gmt":"2024-12-27T19:40:08","guid":{"rendered":"https:\/\/www.actualidadadiario.com\/?p=124193"},"modified":"2024-12-27T16:40:29","modified_gmt":"2024-12-27T19:40:29","slug":"angustia-y-temor-ante-el-posible-despido-de-mas-de-600-trabajadores-en-la-secretaria-de-derechos-humanos","status":"publish","type":"post","link":"https:\/\/www.actualidadadiario.com\/index.php\/2024\/12\/27\/angustia-y-temor-ante-el-posible-despido-de-mas-de-600-trabajadores-en-la-secretaria-de-derechos-humanos\/","title":{"rendered":"Angustia y temor ante el posible despido de m\u00e1s de 600 trabajadores en la Secretaria de Derechos Humanos"},"content":{"rendered":"<p style=\"text-align: center;\"><em><strong>La medida que eval\u00faa tomar el Ministerio de Justicia el martes pr\u00f3ximo pone en serio riesgo la continuidad de organismo y, con ello, el seguimiento de las pol\u00edticas de Memoria, Verdad y Justicia, el funcionamiento de los sitios que recuerdan a las v\u00edctimas de la \u00faltima dictadura militar, y el resguardo de la documentaci\u00f3n que permiti\u00f3 que se llevaran adelante los juicios a represores<\/strong><\/em><\/p>\n<p>&nbsp;<\/p>\n<p>&nbsp;<\/p>\n<p>La continuidad laboral de m\u00e1s de 600 trabajadores que se desempe\u00f1an, bajo distintas modalidades de contrataci\u00f3n, en la Secretar\u00eda de Derechos Humanos de la Naci\u00f3n quedar\u00e1 definida el pr\u00f3ximo 31 de diciembre, el \u00faltimo d\u00eda de un a\u00f1o en el que el Gobierno de Javier Milei implement\u00f3 distintas pol\u00edticas de ajuste que para distintas organizaciones sociales y humanitarias que, como pocas veces desde el regreso de la democracia, pusieron en riesgo la continuidad de consensos como el de Memoria, Verdad y Justicia.<\/p>\n<p>El Ministerio de Justicia de la Naci\u00f3n avis\u00f3, por medio de canales no oficiales, la decisi\u00f3n de no renovar los contratos o las designaciones transitorias de m\u00e1s de 600 trabajadores, lo que, en caso de concretarse, supondr\u00eda el vaciamiento total de la Secretar\u00eda de Derechos Humanos.<\/p>\n<p>Adem\u00e1s, el Ministerio a cargo de Mariano C\u00faneo Libarona eval\u00faa cesar los contratos de unos 2.000 trabajadores de distintas \u00e1reas de la cartera de Justicia.<\/p>\n<p>\u201cEstamos viviendo esta situaci\u00f3n con much\u00edsima angustia\u201d, dijo la delegada gremial Nana Gonz\u00e1lez Rehermann, representante de la Asociaci\u00f3n Trabajadores del Estado (ATE) en el Ministerio de Justicia y Derechos Humanos de la Naci\u00f3n.<\/p>\n<p>Gonz\u00e1lez Rehermann explic\u00f3 que, \u201cen el caso puntual de la Secretar\u00eda de Derechos Humanos, la totalidad de los trabajadores, ya sea que los que se desempe\u00f1an bajo las distintas modalidades de contrato que rigen en el organismo o hayan sido designados en forma transitoria, perder\u00e1n su empleo el 31 de diciembre. A ese panorama se suma que los trabajadores que forman parte de la planta permanente de la Secretar\u00eda sufrir\u00e1n un recorte del 50% en sus salarios.<\/p>\n<p>\u201cLo que est\u00e1 pasando es que, en todas las modalidades de contrataci\u00f3n que tiene la Secretar\u00eda de Derechos Humanos, hay despidos. Estamos hablando de m\u00e1s de 600 personas. Adem\u00e1s, se limitan todas las designaciones transitorias al 31 de diciembre, algo que afectar\u00eda a 120 trabajadores. Y a quienes son planta permanente se le reducir\u00e1 el sueldo a la mitad. Estamos hablando de la totalidad de los trabajadores de la Secretar\u00eda de Derechos Humanos que se ven afectados por esta decisi\u00f3n. Todas las \u00e1reas de la Secretar\u00eda de Derechos Humanos quedar\u00e1n vac\u00edas completamente\u201d, enfatiz\u00f3 la delegada de ATE.<\/p>\n<p>Esta decisi\u00f3n, tomada por el ministro de Justicia, Mariano C\u00faneo Libarona, y el secretario de Derechos Humanos, Alberto Ba\u00f1os, representan la imposibilidad de \u201cpoder sostener ninguna de las pol\u00edticas que lleva adelante la Secretar\u00eda\u201d, entre las que se encuentran el funcionamiento de los sitios de la memoria, el Centro Cultural de la Memoria Haroldo Conti, la Comisi\u00f3n Nacional por el Derecho a la Identidad (CoNaDi) y el Archivo Nacional de la Memoria, entre otras reparticiones.<\/p>\n<p>\u201cLa afectaci\u00f3n de las pol\u00edticas de Memoria, Verdad y Justicia es total. La situaci\u00f3n que vivimos es ca\u00f3tica y arbitraria. Adem\u00e1s, las autoridades no reciben a la representaci\u00f3n sindical de los trabajadores para, de alguna manera, poder encauzar este desmantelamiento general del Ministerio de Justicia\u201d, agreg\u00f3.<\/p>\n<p>Por ese motivo, los trabajadores agremiados en ATE llevar\u00e1n a cabo esta tarde, desde las 17, un abrazo simb\u00f3lico al predio en el que funcion\u00f3 la ex Escuela de Mec\u00e1nica de la Armada (ESMA), principal centro clandestino de detenci\u00f3n durante la \u00faltima dictadura c\u00edvico militar, en el que, seg\u00fan distintas estimaciones judiciales, fueron secuestradas, torturadas, asesinadas y desaparecidas unas 5.000 personas durante el r\u00e9gimen represor entre 1976 y 1983. La protesta se realizar\u00e1 en Avenida Del Libertador 8151, en el barrio de N\u00fa\u00f1ez. All\u00ed se localiza tambi\u00e9n el Museo Sitio de Memoria ESMA, que es Monumento Hist\u00f3rico Nacional, es Bien Cultural del MERCOSUR y Patrimonio Mundial de la UNESCO por ser un espacio de denuncia del terrorismo de Estado y transmisi\u00f3n de la memoria.<\/p>\n<p>Hoy, adem\u00e1s, Abuelas de Plaza de Mayo anunciaron all\u00ed la recuperaci\u00f3n del nieto n\u00famero 138.<\/p>\n<p>\u201cEl abrazo es una manera de transmitirle a la sociedad lo que va a suceder con este lugar y con las pol\u00edticas de Memoria, Verdad y Justicia y de derechos humanos que son reconocidas a nivel mundial\u201d, coment\u00f3 Gonz\u00e1lez Rehermann.<\/p>\n<p>Este jueves, en su \u00faltima conferencia de prensa de 2024, el vocero presidencial, Manuel Adorni, se refiri\u00f3 a la posibilidad de que el Gobierno nacional ponga fin el pr\u00f3ximo 31 de diciembre a unos 50.000 contratos de trabajadores del Estado. La renovaci\u00f3n de \u201ccada uno de esos contratos\u201d, algunos de los cuales lleva d\u00e9cadas vigentes, \u201cdepender\u00e1 de la autoridad superior\u201d. Adorni dijo que tendr\u00e1 \u201clos datos certeros\u201d acerca de la suerte de los trabajadores contratados en las primeras semanas de enero, cuando \u201clas diferentes \u00e1reas\u201d del Estado le transmitan \u201cel reporte final\u201d sobre la continuidad o no de los estatales, entre ellos quienes se desempe\u00f1an en el Ministerio de Justicia y la Secretar\u00eda de Derechos Humanos.<\/p>\n<p>\u201cA un a\u00f1o de iniciado el gobierno de Javier Milei y (Victoria) Villarruel, las pol\u00edticas de Memoria, Verdad y Justicia est\u00e1n en emergencia por el debilitamiento y desmantelamiento de algunas de ellas de modo directo o a trav\u00e9s de los despidos masivos. Estas pol\u00edticas son parte de los consensos construidos en m\u00e1s de 40 a\u00f1os de democracia\u201d, advirti\u00f3 en un comunicado la Red Nacional de la organizaci\u00f3n Hijos e Hijas por la Identidad y la Justicia contra el Olvido y el Silencio (H.I.J.O.S.).<\/p>\n<p>En el mismo texto, las agrupaciones provinciales que integran la Red Nacional aseguraron desde el 10 de diciembre de 2023 el gobierno de La Libertad Avanza (LLA) \u201cdespleg\u00f3 un ataque contra los trabajadores y las trabajadoras del Estado. No solamente negando el valor de su trabajo, sino tambi\u00e9n restringiendo el derecho al trabajo en cantidades sin precedentes. En particular, el Ministerio de Justicia y Derechos Humanos de la Naci\u00f3n ha avanzado con despidos masivos, llevando a la agon\u00eda el funcionamiento de la Secretar\u00eda de Derechos Humanos bajo su dependencia\u201d, sostuvieron.<\/p>\n<p>El Centro de Estudios Legales y Sociales (CELS) y Memoria Abierta, la alianza de organizaciones de derechos humanos argentinas que promueve, entre otras misiones, la memoria sobre las violaciones a los derechos humanos del pasado reciente, elaboraron a seis meses de comenzado el gobierno de Javier Milei el informe \u201cMemoria cancelada. El intento libertario de relegitimar la dictadura\u201d, acerca del impacto de las pol\u00edticas del Ejecutivo en distintos \u00e1mbitos vinculados a la justicia.<\/p>\n<p>En ese documento, mencionaron que la gesti\u00f3n de Milei desmantel\u00f3 el Equipo de Relevamiento y An\u00e1lisis documental de los archivos de las Fuerzas Armadas, poniendo en riesgo la conservaci\u00f3n de las investigaciones judiciales e hist\u00f3ricas sobre la documentaci\u00f3n producida por las burocracias estatales durante la dictadura, un aspecto fundamental para la reconstrucci\u00f3n de hechos y responsabilidades.<\/p>\n<p>Adem\u00e1s, el Gobierno tambi\u00e9n cerr\u00f3 la Mesa sobre documentaci\u00f3n de inteligencia vinculada a violaciones a los derechos humanos, que funcionaba en la ex Agencia Federal de Inteligencia, la actual SIDE, y dispuso la acefal\u00eda en el Archivo Nacional de la Memoria, que tiene a su cargo el resguardo del archivo de la Comisi\u00f3n Nacional sobre la Desaparici\u00f3n de Personas (Conadep), que hace 40 a\u00f1os entreg\u00f3 el informe \u201cNunca M\u00e1s\u201d.<\/p>\n<p>El relevamiento hecho por el CELS y Memoria Abierta se\u00f1al\u00f3 tambi\u00e9n que el Ejecutivo desfinanci\u00f3 los m\u00e1s de 800 lugares que durante la \u00faltima dictadura c\u00edvico militar funcionaron en el pa\u00eds como lugar de detenci\u00f3n, tortura y desaparici\u00f3n y despidi\u00f3 a la mitad de la planta de trabajadores de los ocho sitios que dependen de la Secretar\u00eda de Derechos Humanos de la Naci\u00f3n. Asimismo, interrumpi\u00f3 las obras de infraestructura, las excavaciones arqueol\u00f3gicas y las tareas de conservaci\u00f3n de lugares que son prueba judicial. A eso se sum\u00f3 que el Gobierno puso en venta terrenos se\u00f1alizados por la Secretar\u00eda de Derechos Humanos como centros clandestinos de detenci\u00f3n: La Perla chica, en C\u00f3rdoba; La Huerta, en Tandil, y Puerta 8, en Campo de Mayo, provincia de Buenos Aires; y el Regimiento 9, en Corrientes.<\/p>\n<p>En tanto, decidi\u00f3 que los ministerios de Defensa y Seguridad dejaran de aportar legajos de las Fuerzas Armadas, Fuerzas Policiales y de Seguridad Federales a la Comisi\u00f3n Nacional por el Derecho a la Identidad (CoNaDI), que investiga el destino de ni\u00f1as y ni\u00f1os robados en la dictadura. La CoNaDi es una herramienta construida por el Estado democr\u00e1tico \u201cpara resolver los cr\u00edmenes del terrorismo de Estado, entre los que se encuentran delitos de los que son v\u00edctimas casi 300 personas que a\u00fan viven con su identidad falsificada\u201d, dijo en agosto pasado la presidenta de Abuelas de Plaza de Mayo, Estela de Carlotto, al exponer en un plenario de las comisiones de Legislaci\u00f3n General, Presupuesto y Hacienda y Asuntos Constitucionales del Senado.<\/p>\n<p>El Ministerio de Defensa, a cargo de Luis Petri, puso fin al Equipo de Relevamiento y An\u00e1lisis documental de los archivos de las Fuerzas Armadas, que hab\u00eda sido creado en 2010 con el objetivo de reconstruir, a partir del trabajo archiv\u00edstico, informaci\u00f3n clave que contribuy\u00f3 a los juicios de lesa humanidad con documentaci\u00f3n que permiti\u00f3 conocer estructuras y cadenas de mando del sistema represivo, as\u00ed como identificar personal militar involucrado. Para el Ministerio de Defensa, se trataba de \u201cun grupo de persecuci\u00f3n y macartismo\u201d. Por ese motivo, los archivistas fueron despedidos.<\/p>\n<p>Al finalizar 2024, el CELS public\u00f3 otro informe, esta vez abarcando en forma total el primer a\u00f1o de gobierno de Milei y Victoria Villarruel. \u201cCombinaron el desprecio por el proceso de memoria, verdad y justicia y sus referentes con el ataque a esas pol\u00edticas. Primero hubo acciones discursivas, s\u00edmbolos y avales para refundar la memoria oficial de la dictadura y disputar los sentidos sociales de rechazo al terrorismo de Estado. Luego, siguieron el desfinanciamiento, el cierre de l\u00edneas de trabajo, los despidos, el vaciamiento institucional e incluso la puesta en venta de sitios de memoria\u201d, se indic\u00f3 en el informe especial \u201cMilei 1 a\u00f1o\u201d, en el cual fueron sistematizadas sus pol\u00edticas de Gobierno y las consecuencias.<\/p>\n<p>El \u00faltimo informe llevado a cabo por la Procuradur\u00eda de Cr\u00edmenes contra la Humanidad (PCCH), a cargo de la fiscal federal Mar\u00eda \u00c1ngeles Ramos, expuso que a lo largo de 2024, el primer a\u00f1o de Milei al frente del pa\u00eds, la justicia dict\u00f3 14 sentencias en causas en las que se investig\u00f3 delitos de lesa humanidad cometidos durante la \u00faltima dictadura militar. Se trata del n\u00famero m\u00e1s bajo de los \u00faltimos diez, cuando la justicia produc\u00eda un promedio de 23 causas cada a\u00f1o.<\/p>\n","protected":false},"excerpt":{"rendered":"<p>La medida que eval\u00faa tomar el Ministerio de Justicia el martes pr\u00f3ximo pone en serio riesgo la continuidad de organismo y, con ello, el seguimiento de las pol\u00edticas de Memoria, Verdad y Justicia, el funcionamiento de los sitios que recuerdan a las v\u00edctimas de la \u00faltima dictadura militar, y el resguardo de la documentaci\u00f3n que permiti\u00f3 que se llevaran adelante los juicios a represores &nbsp; &nbsp; La continuidad laboral de m\u00e1s de 600 trabajadores que se desempe\u00f1an, bajo distintas modalidades de contrataci\u00f3n, en la Secretar\u00eda de Derechos Humanos de la&#8230;<\/p>\n","protected":false},"author":3,"featured_media":124194,"comment_status":"closed","ping_status":"closed","sticky":false,"template":"","format":"standard","meta":[],"categories":[18],"tags":[],"_links":{"self":[{"href":"https:\/\/www.actualidadadiario.com\/index.php\/wp-json\/wp\/v2\/posts\/124193"}],"collection":[{"href":"https:\/\/www.actualidadadiario.com\/index.php\/wp-json\/wp\/v2\/posts"}],"about":[{"href":"https:\/\/www.actualidadadiario.com\/index.php\/wp-json\/wp\/v2\/types\/post"}],"author":[{"embeddable":true,"href":"https:\/\/www.actualidadadiario.com\/index.php\/wp-json\/wp\/v2\/users\/3"}],"replies":[{"embeddable":true,"href":"https:\/\/www.actualidadadiario.com\/index.php\/wp-json\/wp\/v2\/comments?post=124193"}],"version-history":[{"count":2,"href":"https:\/\/www.actualidadadiario.com\/index.php\/wp-json\/wp\/v2\/posts\/124193\/revisions"}],"predecessor-version":[{"id":124196,"href":"https:\/\/www.actualidadadiario.com\/index.php\/wp-json\/wp\/v2\/posts\/124193\/revisions\/124196"}],"wp:featuredmedia":[{"embeddable":true,"href":"https:\/\/www.actualidadadiario.com\/index.php\/wp-json\/wp\/v2\/media\/124194"}],"wp:attachment":[{"href":"https:\/\/www.actualidadadiario.com\/index.php\/wp-json\/wp\/v2\/media?parent=124193"}],"wp:term":[{"taxonomy":"category","embeddable":true,"href":"https:\/\/www.actualidadadiario.com\/index.php\/wp-json\/wp\/v2\/categories?post=124193"},{"taxonomy":"post_tag","embeddable":true,"href":"https:\/\/www.actualidadadiario.com\/index.php\/wp-json\/wp\/v2\/tags?post=124193"}],"curies":[{"name":"wp","href":"https:\/\/api.w.org\/{rel}","templated":true}]}}