{"id":124191,"date":"2024-12-27T16:38:53","date_gmt":"2024-12-27T19:38:53","guid":{"rendered":"https:\/\/www.actualidadadiario.com\/?p=124191"},"modified":"2024-12-27T16:38:53","modified_gmt":"2024-12-27T19:38:53","slug":"piden-declarar-nulo-un-decreto-sobre-el-sistema-de-defensa-nacional","status":"publish","type":"post","link":"https:\/\/www.actualidadadiario.com\/index.php\/2024\/12\/27\/piden-declarar-nulo-un-decreto-sobre-el-sistema-de-defensa-nacional\/","title":{"rendered":"Piden declarar nulo un decreto sobre el Sistema de Defensa Nacional"},"content":{"rendered":"<p style=\"text-align: center;\"><em><strong>Desde el socialismo sostienen que a trav\u00e9s del mismo buscan habilitar la intervenci\u00f3n de las Fuerzas Armadas en el esquema de Seguridad Interior<\/strong><\/em><\/p>\n<p>&nbsp;<\/p>\n<p>&nbsp;<\/p>\n<p>Los diputados socialistas Esteban Paul\u00f3n y M\u00f3nica Fein presentaron un proyecto de declaraci\u00f3n a trav\u00e9s del cual piden declarar \u201cinsanablemente nulo\u201d el Decreto del Poder Ejecutivo Nacional N\u00b0 1112\/2024, Sistema de Defensa Nacional, publicado en el Bolet\u00edn Oficial el 20 de diciembre pasado.<\/p>\n<p>En el mismo, Paul\u00f3n se\u00f1ala que \u201cdesde el PEN, tanto a trav\u00e9s del presidente de la Naci\u00f3n como desde los ministerios de Defensa y de Seguridad, se vienen pronunciando acerca de la supuesta necesidad de que las Fuerzas Armadas tengan un mayor involucramiento en materia de seguridad en el \u201ccombate\u201d de las nuevas amenazas y desaf\u00edos actuales a los cu\u00e1les se enfrenta nuestro pa\u00eds. En ese sentido, \u201clo que se busca mediante el presente decreto es habilitar la intervenci\u00f3n de las Fuerzas Armadas en el esquema de Seguridad Interior\u201d, sostiene el proyecto.<\/p>\n<p>\u201cDesde distintos sectores venimos sosteniendo la importancia de fortalecer la demarcaci\u00f3n n\u00edtida entre defensa exterior y seguridad interior surgida de acuerdos democr\u00e1ticos entre distintos sectores de la sociedad civil, as\u00ed como multipartidarios, tras la recuperaci\u00f3n democr\u00e1tica\u201d, sostiene Paul\u00f3n, para quien \u201cla no intervenci\u00f3n castrense en la seguridad p\u00fablica constituy\u00f3 un pilar del sistema\u201d. Y agrega: \u201cDebemos tener presente que la participaci\u00f3n de las FF.AA. en cuestiones de Seguridad Interior est\u00e1 expresamente vedada por la ley, la cual delimita con precisi\u00f3n el rol de las mismas y circunscribe su \u00e1mbito de injerencia a la Defensa Nacional\u201d.<\/p>\n<p>El texto expresa que \u201cbajo el marco normativo que busca implantar el Gobierno nacional ser\u00eda l\u00f3gico pensar en una intervenci\u00f3n de las FF.AA. en la zona de Vaca Muerta ante un conflicto por la propiedad de las tierras; as\u00ed como tambi\u00e9n ser\u00eda esperable pensar que los militares efect\u00faen rastrillajes en zonas urbanas con el supuesto objetivo de buscar integrantes de organizaciones terroristas o de narcotr\u00e1fico extranjeras\u201d.<\/p>\n<p>El diputado concluye destacando que \u201cestamos convencidos que el decreto expresa una inconstitucionalidad manifiesta, y por ello es que solicitamos su declaraci\u00f3n de nulidad. Es la propia Constituci\u00f3n Nacional la que establece en su art\u00edculo 75 inciso 27 que es atribuci\u00f3n exclusiva del Congreso de la Naci\u00f3n fijar las fuerzas armadas\u00a0 y dictar las normas para su organizaci\u00f3n y gobierno en tiempo de paz y guerra\u201d.<\/p>\n","protected":false},"excerpt":{"rendered":"<p>Desde el socialismo sostienen que a trav\u00e9s del mismo buscan habilitar la intervenci\u00f3n de las Fuerzas Armadas en el esquema de Seguridad Interior &nbsp; &nbsp; Los diputados socialistas Esteban Paul\u00f3n y M\u00f3nica Fein presentaron un proyecto de declaraci\u00f3n a trav\u00e9s del cual piden declarar \u201cinsanablemente nulo\u201d el Decreto del Poder Ejecutivo Nacional N\u00b0 1112\/2024, Sistema de Defensa Nacional, publicado en el Bolet\u00edn Oficial el 20 de diciembre pasado. En el mismo, Paul\u00f3n se\u00f1ala que \u201cdesde el PEN, tanto a trav\u00e9s del presidente de la Naci\u00f3n como desde los ministerios de&#8230;<\/p>\n","protected":false},"author":3,"featured_media":112530,"comment_status":"closed","ping_status":"closed","sticky":false,"template":"","format":"standard","meta":[],"categories":[18],"tags":[],"_links":{"self":[{"href":"https:\/\/www.actualidadadiario.com\/index.php\/wp-json\/wp\/v2\/posts\/124191"}],"collection":[{"href":"https:\/\/www.actualidadadiario.com\/index.php\/wp-json\/wp\/v2\/posts"}],"about":[{"href":"https:\/\/www.actualidadadiario.com\/index.php\/wp-json\/wp\/v2\/types\/post"}],"author":[{"embeddable":true,"href":"https:\/\/www.actualidadadiario.com\/index.php\/wp-json\/wp\/v2\/users\/3"}],"replies":[{"embeddable":true,"href":"https:\/\/www.actualidadadiario.com\/index.php\/wp-json\/wp\/v2\/comments?post=124191"}],"version-history":[{"count":1,"href":"https:\/\/www.actualidadadiario.com\/index.php\/wp-json\/wp\/v2\/posts\/124191\/revisions"}],"predecessor-version":[{"id":124192,"href":"https:\/\/www.actualidadadiario.com\/index.php\/wp-json\/wp\/v2\/posts\/124191\/revisions\/124192"}],"wp:featuredmedia":[{"embeddable":true,"href":"https:\/\/www.actualidadadiario.com\/index.php\/wp-json\/wp\/v2\/media\/112530"}],"wp:attachment":[{"href":"https:\/\/www.actualidadadiario.com\/index.php\/wp-json\/wp\/v2\/media?parent=124191"}],"wp:term":[{"taxonomy":"category","embeddable":true,"href":"https:\/\/www.actualidadadiario.com\/index.php\/wp-json\/wp\/v2\/categories?post=124191"},{"taxonomy":"post_tag","embeddable":true,"href":"https:\/\/www.actualidadadiario.com\/index.php\/wp-json\/wp\/v2\/tags?post=124191"}],"curies":[{"name":"wp","href":"https:\/\/api.w.org\/{rel}","templated":true}]}}