{"id":124047,"date":"2024-12-20T11:54:01","date_gmt":"2024-12-20T14:54:01","guid":{"rendered":"https:\/\/www.actualidadadiario.com\/?p=124047"},"modified":"2024-12-20T11:54:01","modified_gmt":"2024-12-20T14:54:01","slug":"anuncian-hasta-33c-este-viernes-y-se-aproxima-un-frente-de-tormentas","status":"publish","type":"post","link":"https:\/\/www.actualidadadiario.com\/index.php\/2024\/12\/20\/anuncian-hasta-33c-este-viernes-y-se-aproxima-un-frente-de-tormentas\/","title":{"rendered":"Anuncian hasta 33\u00b0C este viernes y se aproxima un frente de tormentas"},"content":{"rendered":"<p style=\"text-align: center;\"><em><strong>Este viernes se esperan temperaturas en ascenso. Para ma\u00f1ana se prev\u00e9 que vuelven las lluvias. Detalles del pron\u00f3stico en la provincia<\/strong><\/em><\/p>\n<p>&nbsp;<\/p>\n<p>&nbsp;<\/p>\n<p>El Servicio Meteorol\u00f3gico Nacional \u2013SMN\u2013 anuncia un viernes con buenas condiciones del tiempo y mucho calor en Entre R\u00edos. Las temperaturas m\u00e1ximas trepar\u00e1n esta tarde hasta los 33 grados.<\/p>\n<p>Hoy el cielo se presentar\u00e1 parcialmente nublado, con mayor presencia del sol. En tanto, este s\u00e1bado se aproxima un frente de tormentas. Hay anuncio de lluvias en la provincia.<\/p>\n<p>Las inestabilidades anunciadas para ma\u00f1ana provocar\u00edan una disminuci\u00f3n suave de las t\u00e9rmicas. Las temperaturas m\u00e1ximas esperadas este s\u00e1bado rondar\u00e1n los 27 grados.<\/p>\n<p>&nbsp;<\/p>\n<p><strong>Tiempo para hoy<\/strong><\/p>\n<p>En Paran\u00e1, La Paz, Villaguay, Diamante y Nogoy\u00e1 la m\u00ednima ser\u00e1 de 17 grados y la m\u00e1xima alcanzar\u00e1 los 33 grados. El d\u00eda se presentar\u00e1 entre ligeramente y parcialmente nublado. Este s\u00e1bado anuncian lluvias y tormentas aisladas, sobre todo a la tarde.<\/p>\n<p>En Concordia, Federal, Feliciano, Federaci\u00f3n y San Salvador, en tanto, se aguarda una m\u00ednima de 17 grados y una m\u00e1xima de 33 grados. El cielo estar\u00e1 soleado, con pocas nubes. Para este s\u00e1bado se prev\u00e9s tormentas aisladas entre la ma\u00f1ana y la noche.<\/p>\n<p>En Gualeguaych\u00fa, Col\u00f3n, Uruguay, Tala e Islas, se espera tambi\u00e9n una m\u00ednima de 17 grados y una m\u00e1xima de 33 grados. Para hoy se prev\u00e9 elevada nubosidad, con posibles inestabilidades de ma\u00f1ana. Este s\u00e1bado podr\u00edan producirse posibles precipitaciones aisladas de ma\u00f1ana.<\/p>\n<p>Finalmente, en Victoria y Gualeguay anuncian 18 grados de m\u00ednima y 33 grados de m\u00e1xima, con cielo mayormente nublado. No se descartan algunas inestabilidades hoy. En tanto, este s\u00e1bado se prev\u00e9n posibles lluvias aisladas de madrugada y ma\u00f1ana.<\/p>\n","protected":false},"excerpt":{"rendered":"<p>Este viernes se esperan temperaturas en ascenso. Para ma\u00f1ana se prev\u00e9 que vuelven las lluvias. Detalles del pron\u00f3stico en la provincia &nbsp; &nbsp; El Servicio Meteorol\u00f3gico Nacional \u2013SMN\u2013 anuncia un viernes con buenas condiciones del tiempo y mucho calor en Entre R\u00edos. Las temperaturas m\u00e1ximas trepar\u00e1n esta tarde hasta los 33 grados. Hoy el cielo se presentar\u00e1 parcialmente nublado, con mayor presencia del sol. En tanto, este s\u00e1bado se aproxima un frente de tormentas. Hay anuncio de lluvias en la provincia. Las inestabilidades anunciadas para ma\u00f1ana provocar\u00edan una disminuci\u00f3n suave&#8230;<\/p>\n","protected":false},"author":3,"featured_media":115373,"comment_status":"closed","ping_status":"closed","sticky":false,"template":"","format":"standard","meta":[],"categories":[15],"tags":[],"_links":{"self":[{"href":"https:\/\/www.actualidadadiario.com\/index.php\/wp-json\/wp\/v2\/posts\/124047"}],"collection":[{"href":"https:\/\/www.actualidadadiario.com\/index.php\/wp-json\/wp\/v2\/posts"}],"about":[{"href":"https:\/\/www.actualidadadiario.com\/index.php\/wp-json\/wp\/v2\/types\/post"}],"author":[{"embeddable":true,"href":"https:\/\/www.actualidadadiario.com\/index.php\/wp-json\/wp\/v2\/users\/3"}],"replies":[{"embeddable":true,"href":"https:\/\/www.actualidadadiario.com\/index.php\/wp-json\/wp\/v2\/comments?post=124047"}],"version-history":[{"count":1,"href":"https:\/\/www.actualidadadiario.com\/index.php\/wp-json\/wp\/v2\/posts\/124047\/revisions"}],"predecessor-version":[{"id":124048,"href":"https:\/\/www.actualidadadiario.com\/index.php\/wp-json\/wp\/v2\/posts\/124047\/revisions\/124048"}],"wp:featuredmedia":[{"embeddable":true,"href":"https:\/\/www.actualidadadiario.com\/index.php\/wp-json\/wp\/v2\/media\/115373"}],"wp:attachment":[{"href":"https:\/\/www.actualidadadiario.com\/index.php\/wp-json\/wp\/v2\/media?parent=124047"}],"wp:term":[{"taxonomy":"category","embeddable":true,"href":"https:\/\/www.actualidadadiario.com\/index.php\/wp-json\/wp\/v2\/categories?post=124047"},{"taxonomy":"post_tag","embeddable":true,"href":"https:\/\/www.actualidadadiario.com\/index.php\/wp-json\/wp\/v2\/tags?post=124047"}],"curies":[{"name":"wp","href":"https:\/\/api.w.org\/{rel}","templated":true}]}}