{"id":124001,"date":"2024-12-18T13:31:18","date_gmt":"2024-12-18T16:31:18","guid":{"rendered":"https:\/\/www.actualidadadiario.com\/?p=124001"},"modified":"2024-12-18T13:31:30","modified_gmt":"2024-12-18T16:31:30","slug":"el-gobierno-de-milei-obligara-a-los-presos-del-servicio-penitenciario-federal-a-trabajar-en-las-carceles","status":"publish","type":"post","link":"https:\/\/www.actualidadadiario.com\/index.php\/2024\/12\/18\/el-gobierno-de-milei-obligara-a-los-presos-del-servicio-penitenciario-federal-a-trabajar-en-las-carceles\/","title":{"rendered":"El gobierno de Milei obligar\u00e1 a los presos del Servicio Penitenciario Federal a trabajar en las c\u00e1rceles"},"content":{"rendered":"<p style=\"text-align: center;\"><em><strong>Los internos deber\u00e1n participar en las tareas de mantenimiento, limpieza, aseo e higiene de los espacios propios y comunes. La normativa publicada en el Bolet\u00f3in Oficial establece la obligatoriedad para todos los presos alojados en el Servicio Penitenciario Federal<\/strong><\/em><\/p>\n<p>&nbsp;<\/p>\n<p>&nbsp;<\/p>\n<p>El Gobierno estableci\u00f3 la obligatoriedad para todos los presos del Servicio Penitenciario Federal trabaje en las c\u00e1rceles donde est\u00e1n alojados. Las actividades ser\u00e1n no remuneradas y tendr\u00e1n una duraci\u00f3n de cinco horas diarias, de acuerdo a la Resoluci\u00f3n 1346\/2024 del Ministerio de Seguridad que encabeza Patricia Bullrich, publicada en el Bolet\u00edn Oficial este mi\u00e9rcoles.<\/p>\n<p>La medida apunta a promover la reinserci\u00f3n social y reducir la reincidencia, seg\u00fan lo estipulado en la ley de Ejecuci\u00f3n de la Pena Privativa de la Libertad (N\u00ba 24.660) y la Constituci\u00f3n Nacional. Adem\u00e1s, busca disminuir la ociosidad entre los internos, considerada un factor de incremento de violencia y desorden en los penales.<\/p>\n<p>De acuerdo a la resoluci\u00f3n publicada hoy, los internos deber\u00e1n realizar tareas de mantenimiento, limpieza, aseo e higiene en los espacios propios y comunes dentro en los establecimientos a los que pertenecen y se encuentran albergados.<\/p>\n<p>&nbsp;<\/p>\n<p><strong>A partir de hoy, el Gobierno obligar\u00e1 a los presos a trabajar en las c\u00e1rceles<\/strong><\/p>\n<p>El Servicio Penitenciario Federal ser\u00e1 el encargado de elaborar planes y cronogramas espec\u00edficos para estas tareas, adem\u00e1s de supervisar su cumplimiento.<\/p>\n<p>La resoluci\u00f3n, firmada por la ministra Patricia Bullrich, enfatiza que estas labores constituyen un deber derivado del mandato constitucional de mantener c\u00e1rceles &#8220;sanas y limpias&#8221; y contribuyen a una convivencia ordenada dentro de los establecimientos.<\/p>\n<p>&nbsp;<\/p>\n<p><strong>Patricia Bullrich lanz\u00f3 un programa para que todos los presos trabajen en las c\u00e1rceles<\/strong><\/p>\n<p>En octubre pasado, la ministra Patricia Bullrich realiz\u00f3 el lanzamiento del programa Manos a la Obra en el Complejo Penitenciario de Ezeiza. El mismo ser\u00e1 implementado en todo el pa\u00eds por el Servicio Penitenciario Federal (SPF) con el objetivo de que todos los presos trabajen en las c\u00e1rceles.<\/p>\n<p>En ese marco, Bullrich declar\u00f3 que &#8221;este lanzamiento es un punto muy importante en el camino de las transformaciones y la reestructuraci\u00f3n del SPF, y de la relaci\u00f3n que tienen las personas privadas de su libertad con la deuda que tienen con la sociedad&#8221;. Y agreg\u00f3: &#8221;Nosotros conocemos bien nuestra Constituci\u00f3n. Las c\u00e1rceles tienen que ser sanas y limpias, no para castigos sino para la reinserci\u00f3n. Y el C\u00f3digo Penal de la Naci\u00f3n dice que las personas privadas de su libertad deben hacerse cargo de mantener las instalaciones penitenciarias y de pagar con su trabajo aquello por lo que hoy est\u00e1n detenidas. Con este programa no estamos haciendo ni m\u00e1s ni menos que cumplir con nuestro C\u00f3digo Penal&#8221;.<\/p>\n<p>El programa comenz\u00f3 con una prueba piloto en el Complejo 4 de mujeres de Ezeiza. Acto seguido, el personal penitenciario organiz\u00f3 un esquema para que las internas se encarguen del mantenimiento de los edificios. Actualmente, se est\u00e1n terminando de pintar los interiores de las instalaciones para continuar con el exterior, y esto se replicar\u00e1 en todo el pa\u00eds. Adem\u00e1s, incluye la implementaci\u00f3n de sistemas biom\u00e9tricos para el control de horarios, as\u00ed como tambi\u00e9n la clasificaci\u00f3n de los internos permitir\u00e1 una asignaci\u00f3n eficiente de las tareas.<\/p>\n<p>A su vez, indic\u00f3: &#8221;Nuestro objetivo es devolverle a la sociedad lo que se le quit\u00f3. No queremos volver a mandar un delincuente a la calle, pero tampoco queremos que los delincuentes, en vez de trabajar, como hace cualquier persona que todos los d\u00edas se levanta y toma un tren, un colectivo, monta un caballo o va caminando a su trabajo en cualquier parte del pa\u00eds para cobrar un salario, aqu\u00ed cobren un salario por no hacer nada. No vamos a aceptar esa injusticia, ni vamos a aceptar que el salario de una persona que s\u00ed trabaja en las c\u00e1rceles sea igual o mayor al de aquella persona que ha hecho las cosas bien. Distinguimos a los hombres y las mujeres de bien de aquellos que han roto el compromiso de mantener la ley y una sociedad segura&#8221;.<\/p>\n","protected":false},"excerpt":{"rendered":"<p>Los internos deber\u00e1n participar en las tareas de mantenimiento, limpieza, aseo e higiene de los espacios propios y comunes. La normativa publicada en el Bolet\u00f3in Oficial establece la obligatoriedad para todos los presos alojados en el Servicio Penitenciario Federal &nbsp; &nbsp; El Gobierno estableci\u00f3 la obligatoriedad para todos los presos del Servicio Penitenciario Federal trabaje en las c\u00e1rceles donde est\u00e1n alojados. Las actividades ser\u00e1n no remuneradas y tendr\u00e1n una duraci\u00f3n de cinco horas diarias, de acuerdo a la Resoluci\u00f3n 1346\/2024 del Ministerio de Seguridad que encabeza Patricia Bullrich, publicada en&#8230;<\/p>\n","protected":false},"author":3,"featured_media":124002,"comment_status":"closed","ping_status":"closed","sticky":false,"template":"","format":"standard","meta":[],"categories":[18],"tags":[],"_links":{"self":[{"href":"https:\/\/www.actualidadadiario.com\/index.php\/wp-json\/wp\/v2\/posts\/124001"}],"collection":[{"href":"https:\/\/www.actualidadadiario.com\/index.php\/wp-json\/wp\/v2\/posts"}],"about":[{"href":"https:\/\/www.actualidadadiario.com\/index.php\/wp-json\/wp\/v2\/types\/post"}],"author":[{"embeddable":true,"href":"https:\/\/www.actualidadadiario.com\/index.php\/wp-json\/wp\/v2\/users\/3"}],"replies":[{"embeddable":true,"href":"https:\/\/www.actualidadadiario.com\/index.php\/wp-json\/wp\/v2\/comments?post=124001"}],"version-history":[{"count":2,"href":"https:\/\/www.actualidadadiario.com\/index.php\/wp-json\/wp\/v2\/posts\/124001\/revisions"}],"predecessor-version":[{"id":124004,"href":"https:\/\/www.actualidadadiario.com\/index.php\/wp-json\/wp\/v2\/posts\/124001\/revisions\/124004"}],"wp:featuredmedia":[{"embeddable":true,"href":"https:\/\/www.actualidadadiario.com\/index.php\/wp-json\/wp\/v2\/media\/124002"}],"wp:attachment":[{"href":"https:\/\/www.actualidadadiario.com\/index.php\/wp-json\/wp\/v2\/media?parent=124001"}],"wp:term":[{"taxonomy":"category","embeddable":true,"href":"https:\/\/www.actualidadadiario.com\/index.php\/wp-json\/wp\/v2\/categories?post=124001"},{"taxonomy":"post_tag","embeddable":true,"href":"https:\/\/www.actualidadadiario.com\/index.php\/wp-json\/wp\/v2\/tags?post=124001"}],"curies":[{"name":"wp","href":"https:\/\/api.w.org\/{rel}","templated":true}]}}