{"id":123997,"date":"2024-12-18T13:29:46","date_gmt":"2024-12-18T16:29:46","guid":{"rendered":"https:\/\/www.actualidadadiario.com\/?p=123997"},"modified":"2024-12-18T13:29:58","modified_gmt":"2024-12-18T16:29:58","slug":"macri-pone-a-su-hombre-en-la-side-diego-kravetz-sera-subsecretario-de-inteligencia","status":"publish","type":"post","link":"https:\/\/www.actualidadadiario.com\/index.php\/2024\/12\/18\/macri-pone-a-su-hombre-en-la-side-diego-kravetz-sera-subsecretario-de-inteligencia\/","title":{"rendered":"Macri pone a su hombre en la SIDE: Diego Kravetz ser\u00e1 subsecretario de Inteligencia"},"content":{"rendered":"<p style=\"text-align: center;\"><em><strong>Con la llegada de Kravetz a la SIDE, se reconfigura la inteligencia argentina bajo el ala de Mauricio Macri<\/strong><\/em><\/p>\n<p>&nbsp;<\/p>\n<p>&nbsp;<\/p>\n<p>El Gobierno nacional formaliz\u00f3 esta semana el nombramiento de Diego Kravetz como subsecretario de Inteligencia del Estado, un cargo clave en la nueva estructura del sistema de inteligencia argentino. El dirigente, que hasta hace poco se desempe\u00f1aba como secretario de Seguridad de la Ciudad de Buenos Aires, ahora reportar\u00e1 directamente a Sergio Neiffert, quien ocupa el cargo de Secretario de Inteligencia.<\/p>\n<p>El vocero presidencial, Manuel Adorni, fue el encargado de confirmar la designaci\u00f3n a trav\u00e9s de su cuenta en X. Seg\u00fan inform\u00f3 Adorni, Kravetz tendr\u00e1 a su cargo la coordinaci\u00f3n de las operaciones de las cuatro agencias de inteligencia que operan bajo la \u00f3rbita de la Secretar\u00eda de Inteligencia del Estado (SIDE), y se convertir\u00e1 en el n\u00famero dos de Neiffert.<\/p>\n<p>&nbsp;<\/p>\n<p><strong>El perfil de Diego Kravetz: trayectoria y v\u00ednculos pol\u00edticos<\/strong><\/p>\n<p>Kravetz tiene una amplia trayectoria en la pol\u00edtica y la gesti\u00f3n p\u00fablica. Abogado egresado de la Universidad de Buenos Aires (UBA), se destac\u00f3 como diputado de la Ciudad de Buenos Aires entre 2003 y 2011, siendo uno de los principales impulsores de la Ley de Seguridad P\u00fablica. Su v\u00ednculo con Soledad Acu\u00f1a, ex ministra de Educaci\u00f3n de Horacio Rodr\u00edguez Larreta y esposa de Kravetz, tambi\u00e9n ha sido un punto clave en su carrera pol\u00edtica.<\/p>\n<p>A lo largo de su carrera, Kravetz pas\u00f3 por diversos cargos, como secretario de Seguridad en el Municipio de Lan\u00fas y jefe de Gabinete de la gesti\u00f3n de N\u00e9stor Grindetti. En 2017, tras la salida de Grindetti para asumir la presidencia de Independiente, Kravetz fue designado como intendente interino del Municipio de Lan\u00fas.<\/p>\n<p>Desde diciembre de 2023, Kravetz estuvo a cargo de la Secretar\u00eda de Seguridad de la Ciudad de Buenos Aires, y su salida se produce en medio de rumores sobre su relaci\u00f3n con Waldo Wolff, titular de la cartera de Seguridad porte\u00f1a.<\/p>\n<p>&nbsp;<\/p>\n<p><strong>Los cambios en la SIDE y la disoluci\u00f3n de la AFI<\/strong><\/p>\n<p>El nombramiento de Kravetz se da en un contexto de cambios profundos en el sistema de inteligencia nacional. En julio de 2024, el presidente Javier Milei disolvi\u00f3 la Agencia Federal de Inteligencia (AFI), devolviendo a la SIDE su estructura original de los a\u00f1os 90.<\/p>\n<p>La reconfiguraci\u00f3n del sistema de inteligencia tambi\u00e9n incluye la creaci\u00f3n de nuevos organismos como el Servicio de Inteligencia Argentino (SIA), la Agencia de Seguridad Nacional (ASN) y la Agencia Federal de Ciberseguridad (AFC), todos bajo la \u00f3rbita de la SIDE. La gesti\u00f3n de estas agencias estar\u00e1 bajo la supervisi\u00f3n directa de la Divisi\u00f3n de Asuntos Internos (DAI), que se encargar\u00e1 de auditar sus operaciones.<\/p>\n<p>&nbsp;<\/p>\n<p><strong>El rol de Kravetz en la nueva inteligencia argentina<\/strong><\/p>\n<p>Con la llegada de Diego Kravetz a la SIDE, se busca consolidar una visi\u00f3n estrat\u00e9gica m\u00e1s moderna y eficiente en el manejo de la inteligencia nacional, evitando las malas pr\u00e1cticas que, seg\u00fan el Gobierno, marcaron la historia reciente del sistema.<\/p>\n<p>En su nuevo cargo, Kravetz tendr\u00e1 la responsabilidad de coordinar las operaciones de las agencias de inteligencia, y de trabajar estrechamente con figuras clave del Gobierno de Milei, como Karina Milei, secretaria General de la Presidencia, y Santiago Caputo, asesor presidencial.<\/p>\n<p>&nbsp;<\/p>\n<p><strong>\u00bfQu\u00e9 implica este movimiento para la pol\u00edtica argentina?<\/strong><\/p>\n<p>La designaci\u00f3n de Diego Kravetz no solo marca un cambio clave en la estructura del sistema de inteligencia argentino, sino que tambi\u00e9n fortalece el v\u00ednculo entre Mauricio Macri y el Gobierno de Javier Milei. Con su experiencia y cercan\u00eda a los sectores m\u00e1s duros de la pol\u00edtica nacional, Kravetz parece ser una pieza clave en los pr\u00f3ximos movimientos estrat\u00e9gicos del oficialismo.<\/p>\n","protected":false},"excerpt":{"rendered":"<p>Con la llegada de Kravetz a la SIDE, se reconfigura la inteligencia argentina bajo el ala de Mauricio Macri &nbsp; &nbsp; El Gobierno nacional formaliz\u00f3 esta semana el nombramiento de Diego Kravetz como subsecretario de Inteligencia del Estado, un cargo clave en la nueva estructura del sistema de inteligencia argentino. El dirigente, que hasta hace poco se desempe\u00f1aba como secretario de Seguridad de la Ciudad de Buenos Aires, ahora reportar\u00e1 directamente a Sergio Neiffert, quien ocupa el cargo de Secretario de Inteligencia. El vocero presidencial, Manuel Adorni, fue el encargado&#8230;<\/p>\n","protected":false},"author":3,"featured_media":123998,"comment_status":"closed","ping_status":"closed","sticky":false,"template":"","format":"standard","meta":[],"categories":[18],"tags":[],"_links":{"self":[{"href":"https:\/\/www.actualidadadiario.com\/index.php\/wp-json\/wp\/v2\/posts\/123997"}],"collection":[{"href":"https:\/\/www.actualidadadiario.com\/index.php\/wp-json\/wp\/v2\/posts"}],"about":[{"href":"https:\/\/www.actualidadadiario.com\/index.php\/wp-json\/wp\/v2\/types\/post"}],"author":[{"embeddable":true,"href":"https:\/\/www.actualidadadiario.com\/index.php\/wp-json\/wp\/v2\/users\/3"}],"replies":[{"embeddable":true,"href":"https:\/\/www.actualidadadiario.com\/index.php\/wp-json\/wp\/v2\/comments?post=123997"}],"version-history":[{"count":2,"href":"https:\/\/www.actualidadadiario.com\/index.php\/wp-json\/wp\/v2\/posts\/123997\/revisions"}],"predecessor-version":[{"id":124000,"href":"https:\/\/www.actualidadadiario.com\/index.php\/wp-json\/wp\/v2\/posts\/123997\/revisions\/124000"}],"wp:featuredmedia":[{"embeddable":true,"href":"https:\/\/www.actualidadadiario.com\/index.php\/wp-json\/wp\/v2\/media\/123998"}],"wp:attachment":[{"href":"https:\/\/www.actualidadadiario.com\/index.php\/wp-json\/wp\/v2\/media?parent=123997"}],"wp:term":[{"taxonomy":"category","embeddable":true,"href":"https:\/\/www.actualidadadiario.com\/index.php\/wp-json\/wp\/v2\/categories?post=123997"},{"taxonomy":"post_tag","embeddable":true,"href":"https:\/\/www.actualidadadiario.com\/index.php\/wp-json\/wp\/v2\/tags?post=123997"}],"curies":[{"name":"wp","href":"https:\/\/api.w.org\/{rel}","templated":true}]}}