{"id":123994,"date":"2024-12-18T13:28:27","date_gmt":"2024-12-18T16:28:27","guid":{"rendered":"https:\/\/www.actualidadadiario.com\/?p=123994"},"modified":"2024-12-18T13:28:27","modified_gmt":"2024-12-18T16:28:27","slug":"el-gobierno-echo-a-2-400-trabajadores-casi-la-mitad-del-ministerio-de-justicia","status":"publish","type":"post","link":"https:\/\/www.actualidadadiario.com\/index.php\/2024\/12\/18\/el-gobierno-echo-a-2-400-trabajadores-casi-la-mitad-del-ministerio-de-justicia\/","title":{"rendered":"El Gobierno ech\u00f3 a 2.400 trabajadores, casi la mitad del Ministerio de Justicia"},"content":{"rendered":"<p style=\"text-align: center;\"><em><strong>\u00c1reas enteras, incluida Derechos Humanos, quedan sin nadie a cargo. A los que quedan les bajan el salario al eliminar \u00edtems no remunerativos por capacitaciones<\/strong><\/em><\/p>\n<p>&nbsp;<\/p>\n<p>&nbsp;<\/p>\n<p>El Gobierno volvi\u00f3 a hacer el anuncio como todo un logro en s\u00ed mismo, toda una promesa de campa\u00f1a cumplida: da de baja, a partir del 1\u00b0 de enero, los contratos de 2400 trabajadores del Ministerio de Justicia. Los presenta, sin mayores explicaciones, como \u00abirregulares\u00bb. Esto significa en los hechos que casi la mitad de la planta de la cartera, que abarca las \u00e1reas administrativas pero tambi\u00e9n los espacios de memoria, las tareas de la secretar\u00eda de derechos humanos, de los centros de acceso a la justicia, quedar\u00e1 despedida.<\/p>\n<p>Para los que quedan tambi\u00e9n hubo anuncios de \u00ablogros de gesti\u00f3n\u00bb: desde el mes que viene se les recortar\u00e1n los salarios, suprimiendo \u00edtems no remunerativos, que en muchos casos implican la mitad y hasta el 70 por ciento de lo percibido. Sin movilizaci\u00f3n en el d\u00eda de ayer, los trabajadores del Estado se declararon en estado de alerta y movilizaci\u00f3n y desde ATE convocaron frente a la sede del ministerio para este jueves.<\/p>\n<p>\u00abSe eliminaron dos nuevos curros de la pol\u00edtica relacionados al rubro automotor. El Ministerio de Justicia finaliz\u00f3 m\u00e1s de 2.400 contrataciones irregulares a trav\u00e9s del ente cooperador Asociaci\u00f3n de Concesionarios Automotores de la Rep\u00fablica Argentina, m\u00e1s conocido como Acara. Estos empleados hab\u00edan sido contratados de manera espuria durante d\u00e9cadas por fuera de los mecanismos previstos por el sistema nacional de empleo p\u00fablico\u00bb, anunci\u00f3 en su conferencia de prensa el vocero, Manuel Adorni.<\/p>\n<p>La segunda \u00abbuena nueva\u00bb fue que \u00abse suprimi\u00f3 el pago de incentivos al personal del ministerio, que representaban un gasto anual de 15.600 millones de pesos\u00bb. Un monto que, detall\u00f3, inicialmente se pagaba para que los empleados se capacitaran, \u00abpero como todas estas cosas en el Estado se terminaron desvirtuando. Se convirtieron en parte del sueldo sin que del otro lado haya ning\u00fan tipo de capacitaci\u00f3n que haga que eso se justifique\u00bb.<\/p>\n<p>Entre lo que se desvirt\u00faa con los a\u00f1os en el Estado est\u00e1n, se sabe, los salarios, que terminan \u00abcomplet\u00e1ndose\u00bb con este tipo de \u00edtems no remunerativos, estipulados por ley. De hecho hay m\u00e1s de un fallo laboral que lleg\u00f3 hasta la Corte Suprema a ra\u00edz de estos \u00edtems, que en todos los casos dictamin\u00f3 que estos complementos salariales forman parte, justamente, del salario.<\/p>\n<p>El ministro de Justicia, Mariano C\u00faneo Libarona, tambi\u00e9n se refiri\u00f3 a los despidos de la mitad de su cartera como un gran logro, una forma de \u00abdesarmar las cajas de la pol\u00edtica\u00bb. Asegur\u00f3 que el mecanismo utilizado permit\u00eda \u00abesquivar controles\u00bb, contratar personal \u00abfuera de los sistemas establecidos para el empleo p\u00fablico\u00bb y \u00abotorgar incentivos arbitrarios\u00bb. \u00abEsto reci\u00e9n empieza, se termin\u00f3 la joda\u00bb, prometi\u00f3.<\/p>\n<p>Los contratos gestionados a trav\u00e9s de entes cooperadores son, en rigor, modalidades habituales de contrataci\u00f3n en el Ministerio de Justicia, establecidas por ley y reglamentadas. Adem\u00e1s de Acara, hay contratos a trav\u00e9s de la C\u00e1mara del Comercio Automotor (CCA), el Colegio P\u00fablico de Abogados, del Colegio de Escribanos, el ente tripartito de la Inspecci\u00f3n General de Justicia (integrado a su vez por los colegios de Abogados de CABA, de Escribanos y el Consejo Profesional de Ciencias Econ\u00f3micas).<\/p>\n<p>Como en el resto de las reparticiones p\u00fablicas, una porci\u00f3n importante de trabajadores con a\u00f1os de antig\u00fcedad no forman parte de la planta sino que son incorporados a trav\u00e9s de estos contratos o del conocido \u00abart\u00edculo 9\u00bb, destinado a tareas transitorias, pero extendido en los hechos a trav\u00e9s de los a\u00f1os y los gobiernos.<\/p>\n<p>Los trabajadores de Justicia y Derechos Humanos vienen denunciando desde hace tiempo persecuci\u00f3n, amedrentamiento y amenazas constantes de despido dentro de la cartera. Entre otras pr\u00e1cticas, la firma de retiros voluntarios que denuncian como extorsivos: para obtener un nuevo contrato y poder mantener el trabajo, se exige previamente a los trabajadores la firma del retiro, con montos muy inferiores a los que corresponden por antig\u00fcedad. Fue el paso previo al anuncio directo de fin de las contrataciones.<\/p>\n<p>\u00abHoy vemos una primera culminaci\u00f3n de esa gran tanda de despidos que vienen anunciando. Es la mitad del ministerio, est\u00e1n desarmando \u00e1reas enteras, tanto en Justicia como Derechos Humanos hay \u00e1reas donde no queda nadie o queda uno o dos trabajadores. Y de ning\u00fan modo son empleados \u00fanicamente del registro automotor, tambi\u00e9n los incluyen, pero son solo algunos. El resto son administrativos, son las personas que abren las puertas, hacen las guiadas y cuidan los espacios de memoria, los que atienden en los centros de acceso a la justicia\u00bb, detall\u00f3 Paula Donadio, delegada de ATE.<\/p>\n<p>En la Secretar\u00eda de Derechos Humanos son casi 500 personas las que quedar\u00e1n sin trabajo a fin de diciembre, la mitad de los trabajadores. El da\u00f1o es muy concreto: quedan sin trabajo gente que cumpl\u00eda tareas en el Archivo Nacional de la Memoria, que hac\u00eda guiadas y organizaba el Museo Sitio de Memoria ESMA y en otros sitios de memoria.<\/p>\n<p>\u00abLos despidos empezaron en enero, y piensan seguirlos, las declaraciones del ministro y del Presidente son claras en ese sentido. Presentamos hace unas semanas una medida cautelar en la justicia, y como respuesta el ministerio no nos ha recibido y ha decidido sacar comunicado en contra de los trabajadores\u00bb, afirma.<\/p>\n<p>La instalaci\u00f3n de los contratos del ministerio a trav\u00e9s de Acara como \u00abun curro de la pol\u00edtica\u00bb, \u00abuna caja negra del Estado\u00bb viene desde hace meses. Acara es en rigor uno de los entes empleadores de la cartera, el ente privado de control estatal que emplea a unos 3000 trabajadores estatales (m\u00e1s de la mitad) que se desempe\u00f1an en diferentes \u00e1reas del Ministerio de Justicia, bajo la Ley de Contrato de Trabajo.<\/p>\n<p>A la mayor\u00eda de ellos se les anunci\u00f3, en noviembre pasado, que Acara dejar\u00eda de emplearlos y que ten\u00edan como opci\u00f3n acogerse a un plan de retiro \u00abvoluntario\u00bb. \u201cNos dijeron que si no lo tom\u00e1bamos, la \u00fanica opci\u00f3n que nos quedaba era el juicio contra el Estado o contra Acara, as\u00ed que fue m\u00e1s extorsivo que voluntario\u201d, cont\u00f3 a este diario Victoria Laurido, trabajadora del Registro de la Propiedad Automotor. All\u00ed hay 400 trabajadores son contratados a trav\u00e9s de Acara, de los 600 que tiene el \u00e1rea. A algunos, ni siquiera se les dio la posibilidad del retiro: sab\u00edan que ser\u00edan despedidos de un modo u otro.<\/p>\n<p>\u00abDesde que anunciaron la medida ya son tres los trabajadores fallecidos. La violencia que est\u00e1n ejerciendo sobre nosotros no tiene antecedentes en democracia\u201d, denunciaron desde ATE.<\/p>\n","protected":false},"excerpt":{"rendered":"<p>\u00c1reas enteras, incluida Derechos Humanos, quedan sin nadie a cargo. A los que quedan les bajan el salario al eliminar \u00edtems no remunerativos por capacitaciones &nbsp; &nbsp; El Gobierno volvi\u00f3 a hacer el anuncio como todo un logro en s\u00ed mismo, toda una promesa de campa\u00f1a cumplida: da de baja, a partir del 1\u00b0 de enero, los contratos de 2400 trabajadores del Ministerio de Justicia. Los presenta, sin mayores explicaciones, como \u00abirregulares\u00bb. Esto significa en los hechos que casi la mitad de la planta de la cartera, que abarca las&#8230;<\/p>\n","protected":false},"author":3,"featured_media":123995,"comment_status":"closed","ping_status":"closed","sticky":false,"template":"","format":"standard","meta":[],"categories":[18],"tags":[],"_links":{"self":[{"href":"https:\/\/www.actualidadadiario.com\/index.php\/wp-json\/wp\/v2\/posts\/123994"}],"collection":[{"href":"https:\/\/www.actualidadadiario.com\/index.php\/wp-json\/wp\/v2\/posts"}],"about":[{"href":"https:\/\/www.actualidadadiario.com\/index.php\/wp-json\/wp\/v2\/types\/post"}],"author":[{"embeddable":true,"href":"https:\/\/www.actualidadadiario.com\/index.php\/wp-json\/wp\/v2\/users\/3"}],"replies":[{"embeddable":true,"href":"https:\/\/www.actualidadadiario.com\/index.php\/wp-json\/wp\/v2\/comments?post=123994"}],"version-history":[{"count":1,"href":"https:\/\/www.actualidadadiario.com\/index.php\/wp-json\/wp\/v2\/posts\/123994\/revisions"}],"predecessor-version":[{"id":123996,"href":"https:\/\/www.actualidadadiario.com\/index.php\/wp-json\/wp\/v2\/posts\/123994\/revisions\/123996"}],"wp:featuredmedia":[{"embeddable":true,"href":"https:\/\/www.actualidadadiario.com\/index.php\/wp-json\/wp\/v2\/media\/123995"}],"wp:attachment":[{"href":"https:\/\/www.actualidadadiario.com\/index.php\/wp-json\/wp\/v2\/media?parent=123994"}],"wp:term":[{"taxonomy":"category","embeddable":true,"href":"https:\/\/www.actualidadadiario.com\/index.php\/wp-json\/wp\/v2\/categories?post=123994"},{"taxonomy":"post_tag","embeddable":true,"href":"https:\/\/www.actualidadadiario.com\/index.php\/wp-json\/wp\/v2\/tags?post=123994"}],"curies":[{"name":"wp","href":"https:\/\/api.w.org\/{rel}","templated":true}]}}