{"id":123991,"date":"2024-12-18T13:25:20","date_gmt":"2024-12-18T16:25:20","guid":{"rendered":"https:\/\/www.actualidadadiario.com\/?p=123991"},"modified":"2024-12-18T13:25:20","modified_gmt":"2024-12-18T16:25:20","slug":"bullrich-anuncio-el-regreso-del-servicio-civico-para-jovenes-de-entre-18-y-24-anos","status":"publish","type":"post","link":"https:\/\/www.actualidadadiario.com\/index.php\/2024\/12\/18\/bullrich-anuncio-el-regreso-del-servicio-civico-para-jovenes-de-entre-18-y-24-anos\/","title":{"rendered":"Bullrich anunci\u00f3 el regreso del Servicio C\u00edvico para j\u00f3venes de entre 18 y 24 a\u00f1os"},"content":{"rendered":"<p style=\"text-align: center;\"><em><strong>El programa ser\u00e1 implementado en conjunto por los ministerios de Seguridad y Capital Humano, junto a Gendarmer\u00eda Nacional<\/strong><\/em><\/p>\n<p>&nbsp;<\/p>\n<p>&nbsp;<\/p>\n<p>La ministra de Seguridad, Patricia Bullrich, anunci\u00f3 que a partir de 2025 se volver\u00e1 a implementar el Servicio C\u00edvico para j\u00f3venes de entre 18 y 24 a\u00f1os \u201cque no trabajan ni estudian\u201d, y que inscribi\u00e9ndose de manera voluntaria \u201crecibir\u00e1n herramientas y capacitaci\u00f3n educativa\u201d para facilitar su inserci\u00f3n en el mercado laboral.<\/p>\n<p>Se trata de una iniciativa que Bullrich ya hab\u00eda llevado a cabo en 2019 cuando era ministra de esa misma \u00e1rea en el gobierno de Mauricio Macri, y que qued\u00f3 interrumpida con el cambio del Poder Ejecutivo en diciembre de ese a\u00f1o.<\/p>\n<p>\u201cVamos a sacar a los j\u00f3venes de las calles y alejarlos del delito y la droga. A todos los j\u00f3venes de 18 a 24 a\u00f1os que no trabajan ni estudian, los vamos a convocar para brindarles formaci\u00f3n en disciplina, respeto y valores\u201d, se\u00f1al\u00f3 la ministra en su cuenta de la red X.<\/p>\n<p>El programa se implementar\u00e1 \u201cen colaboraci\u00f3n con el Ministerio de Capital Humano\u201d que encabeza Sandra Pettovello, junto a la cual Bullrich suscribi\u00f3 el martes un convenio para impulsar esta iniciativa, en la que tambi\u00e9n tomar\u00e1 parte la Gendarmer\u00eda Nacional.<\/p>\n<p>\u201cDe la mano de la Gendarmer\u00eda Nacional y en colaboraci\u00f3n con el Ministerio de Capital Humano (los j\u00f3venes) recibir\u00e1n herramientas y capacitaci\u00f3n educativa y laboral\u201d, indic\u00f3 la titular de Seguridad.<\/p>\n<p>Se trata de \u201cuna alternativa concreta para que puedan retomar sus estudios, acceder a un trabajo y construir un futuro con orden y oportunidades reales\u201d, explic\u00f3.<\/p>\n<p>Si bien se espera que en los pr\u00f3ximos d\u00edas el Ministerio de Seguridad d\u00e9 mayores precisiones sobre la propuesta, fuentes de esa cartera indicaron que se trata de un servicio \u201cvoluntario\u201d y que en una primera etapa de implementar\u00e1 en 11 ciudades del pa\u00eds.<\/p>\n","protected":false},"excerpt":{"rendered":"<p>El programa ser\u00e1 implementado en conjunto por los ministerios de Seguridad y Capital Humano, junto a Gendarmer\u00eda Nacional &nbsp; &nbsp; La ministra de Seguridad, Patricia Bullrich, anunci\u00f3 que a partir de 2025 se volver\u00e1 a implementar el Servicio C\u00edvico para j\u00f3venes de entre 18 y 24 a\u00f1os \u201cque no trabajan ni estudian\u201d, y que inscribi\u00e9ndose de manera voluntaria \u201crecibir\u00e1n herramientas y capacitaci\u00f3n educativa\u201d para facilitar su inserci\u00f3n en el mercado laboral. Se trata de una iniciativa que Bullrich ya hab\u00eda llevado a cabo en 2019 cuando era ministra de esa&#8230;<\/p>\n","protected":false},"author":3,"featured_media":123992,"comment_status":"closed","ping_status":"closed","sticky":false,"template":"","format":"standard","meta":[],"categories":[18],"tags":[],"_links":{"self":[{"href":"https:\/\/www.actualidadadiario.com\/index.php\/wp-json\/wp\/v2\/posts\/123991"}],"collection":[{"href":"https:\/\/www.actualidadadiario.com\/index.php\/wp-json\/wp\/v2\/posts"}],"about":[{"href":"https:\/\/www.actualidadadiario.com\/index.php\/wp-json\/wp\/v2\/types\/post"}],"author":[{"embeddable":true,"href":"https:\/\/www.actualidadadiario.com\/index.php\/wp-json\/wp\/v2\/users\/3"}],"replies":[{"embeddable":true,"href":"https:\/\/www.actualidadadiario.com\/index.php\/wp-json\/wp\/v2\/comments?post=123991"}],"version-history":[{"count":1,"href":"https:\/\/www.actualidadadiario.com\/index.php\/wp-json\/wp\/v2\/posts\/123991\/revisions"}],"predecessor-version":[{"id":123993,"href":"https:\/\/www.actualidadadiario.com\/index.php\/wp-json\/wp\/v2\/posts\/123991\/revisions\/123993"}],"wp:featuredmedia":[{"embeddable":true,"href":"https:\/\/www.actualidadadiario.com\/index.php\/wp-json\/wp\/v2\/media\/123992"}],"wp:attachment":[{"href":"https:\/\/www.actualidadadiario.com\/index.php\/wp-json\/wp\/v2\/media?parent=123991"}],"wp:term":[{"taxonomy":"category","embeddable":true,"href":"https:\/\/www.actualidadadiario.com\/index.php\/wp-json\/wp\/v2\/categories?post=123991"},{"taxonomy":"post_tag","embeddable":true,"href":"https:\/\/www.actualidadadiario.com\/index.php\/wp-json\/wp\/v2\/tags?post=123991"}],"curies":[{"name":"wp","href":"https:\/\/api.w.org\/{rel}","templated":true}]}}