{"id":123985,"date":"2024-12-18T11:16:40","date_gmt":"2024-12-18T14:16:40","guid":{"rendered":"https:\/\/www.actualidadadiario.com\/?p=123985"},"modified":"2024-12-18T11:16:40","modified_gmt":"2024-12-18T14:16:40","slug":"los-autos-con-patentes-provisorias-pueden-salir-del-pais-como-es-el-tramite-y-donde-se-hace","status":"publish","type":"post","link":"https:\/\/www.actualidadadiario.com\/index.php\/2024\/12\/18\/los-autos-con-patentes-provisorias-pueden-salir-del-pais-como-es-el-tramite-y-donde-se-hace\/","title":{"rendered":"Los autos con patentes provisorias pueden salir del pa\u00eds: c\u00f3mo es el tr\u00e1mite y d\u00f3nde se hace"},"content":{"rendered":"<p style=\"text-align: center;\"><em><strong>Ante el retraso en la entrega de patentes met\u00e1licas y c\u00e9dulas verdes, el Gobierno dispuso una serie de medidas para paliar el inconveniente. La demora en la producci\u00f3n de placas se atribuye a la transici\u00f3n de responsabilidades de fabricaci\u00f3n de Casa de la Moneda a nuevos proveedores<\/strong><\/em><\/p>\n<p>&nbsp;<\/p>\n<p>&nbsp;<\/p>\n<p>El Gobierno dispuso la creaci\u00f3n del modelo de &#8220;Constancia de Documentaci\u00f3n Dominial Asignada&#8221; que incluir\u00e1 datos del dominio de un veh\u00edculo y de su titular, as\u00ed como tambi\u00e9n la identidad de los terceros autorizados &#8211; a trav\u00e9s de la aplicaci\u00f3n Mi Argentina &#8211; para conducir el auto. De corresponder, tambi\u00e9n podr\u00e1 incluir el n\u00famero de placas provisorias. De este modo, los usuarios podr\u00e1n salir del pa\u00eds con la patente provisoria.<\/p>\n<p>La medida se volvi\u00f3 efectiva tras la publicaci\u00f3n de la Disposici\u00f3n 408\/2024 en el Bolet\u00edn Oficial de la fecha. En detalle, la misma busca dar una soluci\u00f3n integral para responder al retraso en la entrega de patentes met\u00e1licas y c\u00e9dulas verdes, atribuida a las dificultades en la importaci\u00f3n de insumos y la transici\u00f3n de responsabilidades de fabricaci\u00f3n de Casa de la Moneda a nuevos proveedores.<\/p>\n<p>&nbsp;<\/p>\n<p><strong>El Gobierno cre\u00f3 un registro digital para la documentaci\u00f3n vehicular<\/strong><\/p>\n<p>En detalle, la Disposici\u00f3n repasa las dificultades actuales de provisi\u00f3n de placas met\u00e1licas de identificaci\u00f3n y c\u00e9dulas \u00fanicas de identificaci\u00f3n que, hasta hace un par de meses, era tarea de la Casa de la Moneda. Sin embargo, desde el Gobierno detallaron que &#8220;a lo largo de los \u00faltimos a\u00f1os, se ha constatado un reiterado incumplimiento por parte de Casa de Moneda S.E. en la provisi\u00f3n de estos elementos registrales&#8221;.<\/p>\n<p>&#8220;Esta situaci\u00f3n de incumplimiento contractual ha generado graves perjuicios a la ciudadan\u00eda, al obstaculizar el normal desenvolvimiento del servicio p\u00fablico registral automotor. La falta de provisi\u00f3n de placas de identificaci\u00f3n y C\u00e9dulas \u00fanicas ha impedido la correcta identificaci\u00f3n de los automotores, lo que ha afectado el derecho de los ciudadanos a circular libremente por el territorio nacional y ha dificultado el accionar de las autoridades de control de tr\u00e1nsito&#8221;, contextualizan en la disposici\u00f3n.<\/p>\n<p>De esta manera, la administraci\u00f3n libertaria con el objetivo de &#8220;brindar una soluci\u00f3n integral a la problem\u00e1tica planteada. La misma permitir\u00e1 a las personas &#8220;circular con sus veh\u00edculos por todo el territorio nacional y por los pa\u00edses vecinos, con documentaci\u00f3n registral cuya autenticidad pueda ser constatada por las autoridades de control de tr\u00e1nsito y de control aduanero&#8221;.<\/p>\n<p>Dicha constancia &#8220;incluir\u00e1 los datos del dominio y de su titular, as\u00ed como la identidad de los terceros autorizados por el titular registral a trav\u00e9s de la aplicaci\u00f3n Mi Argentina para conducir el veh\u00edculo de su propiedad y, si corresponde, el n\u00famero de las placas provisorias otorgadas&#8221;.<\/p>\n<p>Aquellas personas f\u00edsicas o jur\u00eddicas que hayan adquirido un dominio con anterioridad a la publicaci\u00f3n de la Disposici\u00f3n, y cuenten con una Constancia de Asignaci\u00f3n de T\u00edtulo (CAT) podr\u00e1n descargar la \u201cConstancia de Documentaci\u00f3n Dominial asignada\u201d a trav\u00e9s de los c\u00f3digos oportunamente otorgados (Registro Seccional, n\u00famero de tr\u00e1mite y n\u00famero de control web).<\/p>\n<p>Por otro lado, en caso de que el registrado no cuente con los c\u00f3digos ya asignados, deber\u00e1 solicitar el &#8220;tr\u00e1mite de Recuperaci\u00f3n de Constancia de Asignaci\u00f3n de T\u00edtulo (CAT)&#8221;. Adem\u00e1s, aquellas personas que nunca hayan contado con la CAT deber\u00e1n solicitar la expedici\u00f3n de un duplicado de T\u00edtulo de conformidad.<\/p>\n<p>&nbsp;<\/p>\n<p><strong>\u00bfSe puede salir del pa\u00eds sin patente?<\/strong><\/p>\n<p>La falta de patentes y c\u00e9dulas verdes es una problem\u00e1tica que preocupa a los automovilistas de cara al verano. Aunque el Gobierno extendi\u00f3 la vigencia de las matr\u00edculas provisionales a 180 d\u00edas para permitir la circulaci\u00f3n nacional, esta medida no soluciona el inconveniente para quienes desean cruzar fronteras.<\/p>\n<p>Por tal motivo, muchos turistas se enfrentan a la incertidumbre de tener que cambiar sus planes, optando por costosos vuelos de \u00faltimo momento. Adem\u00e1s, la falta de c\u00e9dulas verdes f\u00edsicas, reemplazadas temporalmente por versiones digitales, genera obst\u00e1culos en pasos fronterizos donde estas no siempre son aceptadas.<\/p>\n<p>Las autoridades trabajan en un convenio con pa\u00edses lim\u00edtrofes para que la documentaci\u00f3n digital sea reconocida, pero el acuerdo a\u00fan no se concret\u00f3. El Gobierno espera producir 90.000 matr\u00edculas en diciembre y 300.000 en enero para ponerse al d\u00eda con los atrasos, mientras se avanza en un proceso de licitaci\u00f3n para garantizar una provisi\u00f3n que pueda sostenerse en el futuro.<\/p>\n","protected":false},"excerpt":{"rendered":"<p>Ante el retraso en la entrega de patentes met\u00e1licas y c\u00e9dulas verdes, el Gobierno dispuso una serie de medidas para paliar el inconveniente. La demora en la producci\u00f3n de placas se atribuye a la transici\u00f3n de responsabilidades de fabricaci\u00f3n de Casa de la Moneda a nuevos proveedores &nbsp; &nbsp; El Gobierno dispuso la creaci\u00f3n del modelo de &#8220;Constancia de Documentaci\u00f3n Dominial Asignada&#8221; que incluir\u00e1 datos del dominio de un veh\u00edculo y de su titular, as\u00ed como tambi\u00e9n la identidad de los terceros autorizados &#8211; a trav\u00e9s de la aplicaci\u00f3n Mi&#8230;<\/p>\n","protected":false},"author":3,"featured_media":123581,"comment_status":"closed","ping_status":"closed","sticky":false,"template":"","format":"standard","meta":[],"categories":[2],"tags":[],"_links":{"self":[{"href":"https:\/\/www.actualidadadiario.com\/index.php\/wp-json\/wp\/v2\/posts\/123985"}],"collection":[{"href":"https:\/\/www.actualidadadiario.com\/index.php\/wp-json\/wp\/v2\/posts"}],"about":[{"href":"https:\/\/www.actualidadadiario.com\/index.php\/wp-json\/wp\/v2\/types\/post"}],"author":[{"embeddable":true,"href":"https:\/\/www.actualidadadiario.com\/index.php\/wp-json\/wp\/v2\/users\/3"}],"replies":[{"embeddable":true,"href":"https:\/\/www.actualidadadiario.com\/index.php\/wp-json\/wp\/v2\/comments?post=123985"}],"version-history":[{"count":1,"href":"https:\/\/www.actualidadadiario.com\/index.php\/wp-json\/wp\/v2\/posts\/123985\/revisions"}],"predecessor-version":[{"id":123986,"href":"https:\/\/www.actualidadadiario.com\/index.php\/wp-json\/wp\/v2\/posts\/123985\/revisions\/123986"}],"wp:featuredmedia":[{"embeddable":true,"href":"https:\/\/www.actualidadadiario.com\/index.php\/wp-json\/wp\/v2\/media\/123581"}],"wp:attachment":[{"href":"https:\/\/www.actualidadadiario.com\/index.php\/wp-json\/wp\/v2\/media?parent=123985"}],"wp:term":[{"taxonomy":"category","embeddable":true,"href":"https:\/\/www.actualidadadiario.com\/index.php\/wp-json\/wp\/v2\/categories?post=123985"},{"taxonomy":"post_tag","embeddable":true,"href":"https:\/\/www.actualidadadiario.com\/index.php\/wp-json\/wp\/v2\/tags?post=123985"}],"curies":[{"name":"wp","href":"https:\/\/api.w.org\/{rel}","templated":true}]}}