{"id":123981,"date":"2024-12-18T11:15:09","date_gmt":"2024-12-18T14:15:09","guid":{"rendered":"https:\/\/www.actualidadadiario.com\/?p=123981"},"modified":"2024-12-18T11:15:09","modified_gmt":"2024-12-18T14:15:09","slug":"convocatoria-nacional-para-adoptar-a-14-ninos-y-adolescentes","status":"publish","type":"post","link":"https:\/\/www.actualidadadiario.com\/index.php\/2024\/12\/18\/convocatoria-nacional-para-adoptar-a-14-ninos-y-adolescentes\/","title":{"rendered":"Convocatoria nacional para adoptar a 14 ni\u00f1os y adolescentes"},"content":{"rendered":"<p style=\"text-align: center;\"><em><strong>Son ocho convocatorias p\u00fablicas, algunas de alcance nacional, solicitadas por diferentes juzgados de la provincia de C\u00f3rdoba. Algunos llamados incluyen grupos de hermanos<\/strong><\/em><\/p>\n<p>&nbsp;<\/p>\n<p>&nbsp;<\/p>\n<p>El Registro \u00danico de Adopci\u00f3n relanz\u00f3 convocatorias de familias de todo el pa\u00eds para adoptar a 14 ni\u00f1os y adolescentes de C\u00f3rdoba. Se trata de ocho convocatorias p\u00fablicas solicitadas por distintos juzgados de la provincia.<\/p>\n<p>Seg\u00fan explicaron desde la Justicia, seis de estos llamados se dirigen a personas que residan en el \u00e1mbito de la provincia y el resto a quienes vivan en cualquier lugar del territorio argentino. Entre las convocatorias, se encuentran tres grupos de hermanos.<\/p>\n<p>A continuaci\u00f3n, un resumen de los perfiles de ni\u00f1os y adolescentes cordobeses que buscan un hogar:<\/p>\n<p>&nbsp;<\/p>\n<ul>\n<li><strong>Ni\u00f1a de nueve a\u00f1os. Referencia: 10\/24. Alcance: C\u00f3rdoba<\/strong><\/li>\n<\/ul>\n<p>Es una ni\u00f1a extrovertida, sociable, afectuosa y alegre. Establece v\u00ednculos saludables con pares y adultos. Es aut\u00f3noma e independiente en el desarrollo de sus actividades cotidianas. Requiere apoyo puntual en su desempe\u00f1o acad\u00e9mico. Le agrada realizar actividades art\u00edsticas relacionadas con la m\u00fasica. Est\u00e1 aprendiendo a tocar viol\u00edn. Asiste a cuarto grado y posee certificado \u00fanico de discapacidad. Forma parte de un grupo de hermanos, por lo que deber\u00e1 favorecerse la comunicaci\u00f3n y los encuentros entre ellos.<\/p>\n<p>&nbsp;<\/p>\n<ul>\n<li><strong>Grupo de cuatro hermanos. Referencia: 11\/24. Alcance: C\u00f3rdoba<\/strong><\/li>\n<\/ul>\n<p>Se trata de cuatro hermanos varones, que tienen 8, 11, 12 y 14 a\u00f1os. Para ellos es muy importante el v\u00ednculo con sus hermanos, se cuidan y protegen mutuamente, por lo que deber\u00e1n permanecer juntos. Son ni\u00f1os saludables, sociables, comunicativos, aut\u00f3nomos e independientes.<\/p>\n<p>Realizan actividades recreativas, deportivas y art\u00edsticas. Les gusta mucho la m\u00fasica y tocan diferentes instrumentos. Est\u00e1n incluidos en espacios de escolarizaci\u00f3n correspondientes a la edad de cada uno. Manifiestan el deseo de incluirse a una familia cristiana evang\u00e9lica. Est\u00e1n identificados con sus valores y creencias.<\/p>\n<p>&nbsp;<\/p>\n<ul>\n<li><strong>Grupo de tres hermanos. Referencia: 12\/24. Alcance: Argentina<\/strong><\/li>\n<\/ul>\n<p>Una adolescente de 13 a\u00f1os, un ni\u00f1o de 9 y una ni\u00f1a de 7. Los tres mantienen v\u00ednculo fraterno caracterizado por lazos de afecto estrechos entre s\u00ed. La adolescente es afectuosa, colaboradora y comunicativa. Establece v\u00ednculos de amistad con pares, expresa sus emociones y desarrolla h\u00e1bitos cotidianos por s\u00ed misma. El ni\u00f1o de 9 es activo e inquieto. Le gusta el futbol y tambi\u00e9n los autos. Logra vincularse con pares y desarrolla h\u00e1bitos cotidianos por s\u00ed mismo. La ni\u00f1a de 7 es alegre, comunicativa y cari\u00f1osa.<\/p>\n<p>&nbsp;<\/p>\n<ul>\n<li><strong>Ni\u00f1a de 11 a\u00f1os. Referencia 13\/24. Alcance: C\u00f3rdoba<\/strong><\/li>\n<\/ul>\n<p>Es tranquila, sociable y cari\u00f1osa que se vincula favorablemente con pares y adultos. Le agrada leer cuentos, realizar actividades art\u00edsticas y deportivas, como jugar a la pelota. Desarrolla sus actividades cotidianas de manera aut\u00f3noma y se adapta favorablemente a diferentes \u00e1mbitos. La ni\u00f1a es parte de un grupo de hermanos. Es indispensable sostener este v\u00ednculo porque es beneficioso para ella.<\/p>\n<p>&nbsp;<\/p>\n<ul>\n<li><strong>Ni\u00f1o de ocho a\u00f1os. Referencia 14\/24. Alcance: Argentina<\/strong><\/li>\n<\/ul>\n<p>Es alegre, simp\u00e1tico y extrovertido. Asiste a tercer grado de la escuela primaria con un adecuado desempe\u00f1o escolar. Presenta dificultades en el \u00e1rea vincular y al momento de regular sus emociones. Tiene inter\u00e9s por los libros y programas de televisi\u00f3n con contenidos que le resulten novedosos y atractivos. A su vez, disfruta de otras actividades como bailar y dibujar. El ni\u00f1o expresa su deseo por incorporarse en una familia integrada por un pap\u00e1 y una mam\u00e1.<\/p>\n<p>&nbsp;<\/p>\n<ul>\n<li><strong>Adolescente mujer de 12 a\u00f1os. Referencia A 41\/24. Alcance: C\u00f3rdoba<\/strong><\/li>\n<\/ul>\n<p>Es sensible y colaboradora. Se encuentra integrada y adaptada a la din\u00e1mica de la residencia en la que vive. Presenta autonom\u00eda en aspectos de su vida cotidiana. Manifiesta inter\u00e9s por integrarse a un espacio familiar. Cursa primer a\u00f1o de secundario y responde a los contenidos acad\u00e9micos y a la socializaci\u00f3n con pares. Realiza actividades relacionadas con la m\u00fasica y la danza. Posee certificado de discapacidad y muestra avances significativos en diferentes \u00e1reas del desarrollo a partir de los apoyos terap\u00e9uticos que recibe.<\/p>\n<p>&nbsp;<\/p>\n<ul>\n<li><strong>Adolescente mujer de 14 a\u00f1os. Referencia A 42\/24. Alcance: C\u00f3rdoba<\/strong><\/li>\n<\/ul>\n<p>Es tranquila y afectuosa. Se vincula favorablemente con pares y adultos. Le agrada realizar actividades art\u00edsticas y manualidades. Es aut\u00f3noma en el desarrollo de sus actividades cotidianas. Asiste a tercer a\u00f1o de la escuela secundaria con buen desempe\u00f1o acad\u00e9mico. La adolescente es parte de un grupo de hermanos. Es indispensable sostener el v\u00ednculo fraterno, ya que es beneficioso para ella.<\/p>\n<p>&nbsp;<\/p>\n<ul>\n<li><strong>Adolescentes mellizos, var\u00f3n y mujer, de 12 a\u00f1os. Referencia A 43\/12. Alcance: C\u00f3rdoba<\/strong><\/li>\n<\/ul>\n<p>Ambos se encuentran bajo resguardo institucional y asisten a sexto grado de la primaria. Expresan con claridad la necesidad de incluirse en una familia que los integre juntos. Es de vital importancia para cada uno la contenci\u00f3n que encuentran en el v\u00ednculo entre ellos. El ni\u00f1o es activo y se vincula de manera favorable con sus pares. \u00c9l se expresa con claridad y seguridad. Le agradan los deportes, en particular, el futbol. La ni\u00f1a es dulce, introvertida. Se vincula con pares y adultos para buscar afecto y atenci\u00f3n. Le gustan los perros y los gatos como mascotas.<\/p>\n<p>Para m\u00e1s informaci\u00f3n se puede ingresar a la p\u00e1gina del RUA con el n\u00famero de referencia del llamado.<\/p>\n","protected":false},"excerpt":{"rendered":"<p>Son ocho convocatorias p\u00fablicas, algunas de alcance nacional, solicitadas por diferentes juzgados de la provincia de C\u00f3rdoba. Algunos llamados incluyen grupos de hermanos &nbsp; &nbsp; El Registro \u00danico de Adopci\u00f3n relanz\u00f3 convocatorias de familias de todo el pa\u00eds para adoptar a 14 ni\u00f1os y adolescentes de C\u00f3rdoba. Se trata de ocho convocatorias p\u00fablicas solicitadas por distintos juzgados de la provincia. Seg\u00fan explicaron desde la Justicia, seis de estos llamados se dirigen a personas que residan en el \u00e1mbito de la provincia y el resto a quienes vivan en cualquier lugar&#8230;<\/p>\n","protected":false},"author":3,"featured_media":123566,"comment_status":"closed","ping_status":"closed","sticky":false,"template":"","format":"standard","meta":[],"categories":[2],"tags":[],"_links":{"self":[{"href":"https:\/\/www.actualidadadiario.com\/index.php\/wp-json\/wp\/v2\/posts\/123981"}],"collection":[{"href":"https:\/\/www.actualidadadiario.com\/index.php\/wp-json\/wp\/v2\/posts"}],"about":[{"href":"https:\/\/www.actualidadadiario.com\/index.php\/wp-json\/wp\/v2\/types\/post"}],"author":[{"embeddable":true,"href":"https:\/\/www.actualidadadiario.com\/index.php\/wp-json\/wp\/v2\/users\/3"}],"replies":[{"embeddable":true,"href":"https:\/\/www.actualidadadiario.com\/index.php\/wp-json\/wp\/v2\/comments?post=123981"}],"version-history":[{"count":1,"href":"https:\/\/www.actualidadadiario.com\/index.php\/wp-json\/wp\/v2\/posts\/123981\/revisions"}],"predecessor-version":[{"id":123982,"href":"https:\/\/www.actualidadadiario.com\/index.php\/wp-json\/wp\/v2\/posts\/123981\/revisions\/123982"}],"wp:featuredmedia":[{"embeddable":true,"href":"https:\/\/www.actualidadadiario.com\/index.php\/wp-json\/wp\/v2\/media\/123566"}],"wp:attachment":[{"href":"https:\/\/www.actualidadadiario.com\/index.php\/wp-json\/wp\/v2\/media?parent=123981"}],"wp:term":[{"taxonomy":"category","embeddable":true,"href":"https:\/\/www.actualidadadiario.com\/index.php\/wp-json\/wp\/v2\/categories?post=123981"},{"taxonomy":"post_tag","embeddable":true,"href":"https:\/\/www.actualidadadiario.com\/index.php\/wp-json\/wp\/v2\/tags?post=123981"}],"curies":[{"name":"wp","href":"https:\/\/api.w.org\/{rel}","templated":true}]}}