{"id":123975,"date":"2024-12-18T11:11:08","date_gmt":"2024-12-18T14:11:08","guid":{"rendered":"https:\/\/www.actualidadadiario.com\/?p=123975"},"modified":"2024-12-18T11:11:37","modified_gmt":"2024-12-18T14:11:37","slug":"vacaciones-seguras-la-importancia-de-vacunarse-antes-de-viajar","status":"publish","type":"post","link":"https:\/\/www.actualidadadiario.com\/index.php\/2024\/12\/18\/vacaciones-seguras-la-importancia-de-vacunarse-antes-de-viajar\/","title":{"rendered":"Vacaciones seguras: la importancia de vacunarse antes de viajar"},"content":{"rendered":"<p style=\"text-align: center;\"><em><strong>Los argentinos que elijan vacacionar en Brasil o Uruguay tendr\u00e1n que estar al tanto de qu\u00e9 vacunas deben tener al d\u00eda<\/strong><\/em><\/p>\n<p>&nbsp;<\/p>\n<p>&nbsp;<\/p>\n<p>La Organizaci\u00f3n Mundial de la Salud (OMS) enfatiza la importancia de revisar las vacunas obligatorias y recomendadas seg\u00fan el destino del viaje. Para eso, es importante consultar con el m\u00e9dico de cabecera cu\u00e1les son las que deben aplicarse para cada destino.<\/p>\n<p>Con la llegada de las vacaciones y el incremento de viajes a destinos como Brasil, Uruguay y otros pa\u00edses de la regi\u00f3n, especialistas en salud destacan la relevancia de mantener actualizado el calendario de vacunaci\u00f3n e incorporar otras vacunas que no est\u00e1n incluidas. Al planificar las vacaciones, es importante estar al tanto de las vacunas que se requieren en cada destino y consultar al m\u00e9dico para estar al d\u00eda, ya que, de esta manera, los viajes ser\u00e1n una experiencia m\u00e1s segura y positiva para todos.<\/p>\n<p>Las playas de los pa\u00edses vecinos se encuentran entre las favoritas de los argentinos y se posicionan como las protagonistas para este verano 2025. En ese sentido, hay algunas recomendaciones a tener en cuenta antes de cruzar la frontera para evitar ciertos riesgos para la salud. Lo m\u00e1s importante es revisar y actualizar el calendario de vacunaci\u00f3n.<\/p>\n<p>Se debe considerar que algunas vacunas requieren un tiempo para generar inmunidad, por lo que resulta clave planificar con antelaci\u00f3n. Adem\u00e1s, mantenerse al d\u00eda con las vacunas refuerza la prevenci\u00f3n, no solo de las patolog\u00edas de los destinos vacacionales, sino tambi\u00e9n de las del propio pa\u00eds de origen.<\/p>\n<p>\u201cLa vacunaci\u00f3n en general evita entre dos y tres millones de muertes cada a\u00f1o y aun as\u00ed hay 15 millones de chicos sin vacunar en la regi\u00f3n\u201d, sostiene el doctor Fernando Burgos (M.N 81.759), miembro del Departamento Cient\u00edfico de la Fundaci\u00f3n Vacunar, en referencia la baja tasa de vacunaci\u00f3n que se detect\u00f3 en todo el Cono Sur. Teniendo en cuenta este contexto, la vacuna contra el meningococo es crucial para ni\u00f1os y j\u00f3venes, ya que resulta imprescindible para lugares donde se han registrado brotes recientes, como en Uruguay.<\/p>\n<p>En particular, lo que m\u00e1s le preocupa a los expertos sobre la meningitis es el aumento de la mortalidad. En Uruguay, las cifras se incrementaron, ya que, mientras que en 2023 hubo un total de 29 casos y dos fallecidos -dando un \u00edndice de letalidad del 8,3%, para la semana 38 de 2024 los enfermos fueron 35, de los cuales ocho murieron, lo que implic\u00f3 una letalidad del 23%.<\/p>\n<p>De hecho, la Comisi\u00f3n Nacional Asesora de Inmunizaciones (CNAV) del pa\u00eds vecino recomend\u00f3 la inclusi\u00f3n de vacunas contra esta enfermedad en el esquema nacional de vacunaci\u00f3n, tanto contra el serogrupo B como para los A, C, Y y W3. Incluso, en otros pa\u00edses de la regi\u00f3n y de gran afluencia tur\u00edstica como Brasil, desde 2003 se registraron brotes en algunas zonas como el estado de Algoas y el estado de Par\u00e1, reforzando la necesidad de una cobertura extensiva de prevenci\u00f3n.<\/p>\n<p>El mayor problema que presenta la enfermedad meningoc\u00f3cica es que sus primeros s\u00edntomas muchas veces no son tratados debidamente porque son comunes a otras afecciones, por lo que la intervenci\u00f3n m\u00e9dica se produce en forma tard\u00eda. Algunas de sus manifestaciones m\u00e1s frecuentes son fiebre, irritabilidad, cuello r\u00edgido, diarrea, somnolencia, rechazo a la luz, dolor de cabeza y n\u00e1useas o v\u00f3mitos.<\/p>\n<p>En el caso de la meningitis bacteriana, una vez que las bacterias ingresan al cuerpo, pueden multiplicarse y propagarse r\u00e1pidamente a trav\u00e9s del torrente sangu\u00edneo, lo que, en algunos casos, puede llevar a una inflamaci\u00f3n grave de las meninges, que son las membranas que recubren el cerebro y la m\u00e9dula espinal.<\/p>\n<p>Como afirma Rodolfo Villena, jefe del Departamento de Infectolog\u00eda del Hospital de Ni\u00f1os Dr. Exequiel Gonz\u00e1lez Cort\u00e9s de Chile, \u201cvacunar a los ni\u00f1os y adolescentes es la \u00fanica forma de hacer frente a la meningitis, una enfermedad que deja consecuencias muy graves y que puede ser mortal si no se la trata a tiempo\u201d. El experto, adem\u00e1s, recomienda tomar medidas preventivas como el lavado de manos frecuente.<\/p>\n","protected":false},"excerpt":{"rendered":"<p>Los argentinos que elijan vacacionar en Brasil o Uruguay tendr\u00e1n que estar al tanto de qu\u00e9 vacunas deben tener al d\u00eda &nbsp; &nbsp; La Organizaci\u00f3n Mundial de la Salud (OMS) enfatiza la importancia de revisar las vacunas obligatorias y recomendadas seg\u00fan el destino del viaje. Para eso, es importante consultar con el m\u00e9dico de cabecera cu\u00e1les son las que deben aplicarse para cada destino. Con la llegada de las vacaciones y el incremento de viajes a destinos como Brasil, Uruguay y otros pa\u00edses de la regi\u00f3n, especialistas en salud destacan&#8230;<\/p>\n","protected":false},"author":3,"featured_media":120127,"comment_status":"closed","ping_status":"closed","sticky":false,"template":"","format":"standard","meta":[],"categories":[9],"tags":[],"_links":{"self":[{"href":"https:\/\/www.actualidadadiario.com\/index.php\/wp-json\/wp\/v2\/posts\/123975"}],"collection":[{"href":"https:\/\/www.actualidadadiario.com\/index.php\/wp-json\/wp\/v2\/posts"}],"about":[{"href":"https:\/\/www.actualidadadiario.com\/index.php\/wp-json\/wp\/v2\/types\/post"}],"author":[{"embeddable":true,"href":"https:\/\/www.actualidadadiario.com\/index.php\/wp-json\/wp\/v2\/users\/3"}],"replies":[{"embeddable":true,"href":"https:\/\/www.actualidadadiario.com\/index.php\/wp-json\/wp\/v2\/comments?post=123975"}],"version-history":[{"count":1,"href":"https:\/\/www.actualidadadiario.com\/index.php\/wp-json\/wp\/v2\/posts\/123975\/revisions"}],"predecessor-version":[{"id":123976,"href":"https:\/\/www.actualidadadiario.com\/index.php\/wp-json\/wp\/v2\/posts\/123975\/revisions\/123976"}],"wp:featuredmedia":[{"embeddable":true,"href":"https:\/\/www.actualidadadiario.com\/index.php\/wp-json\/wp\/v2\/media\/120127"}],"wp:attachment":[{"href":"https:\/\/www.actualidadadiario.com\/index.php\/wp-json\/wp\/v2\/media?parent=123975"}],"wp:term":[{"taxonomy":"category","embeddable":true,"href":"https:\/\/www.actualidadadiario.com\/index.php\/wp-json\/wp\/v2\/categories?post=123975"},{"taxonomy":"post_tag","embeddable":true,"href":"https:\/\/www.actualidadadiario.com\/index.php\/wp-json\/wp\/v2\/tags?post=123975"}],"curies":[{"name":"wp","href":"https:\/\/api.w.org\/{rel}","templated":true}]}}