{"id":123960,"date":"2024-12-18T10:29:05","date_gmt":"2024-12-18T13:29:05","guid":{"rendered":"https:\/\/www.actualidadadiario.com\/?p=123960"},"modified":"2024-12-18T10:33:17","modified_gmt":"2024-12-18T13:33:17","slug":"las-esquirlas-del-escandalo-de-edgardo-kueider-que-pueden-complicar-los-planes-de-gustavo-bordet","status":"publish","type":"post","link":"https:\/\/www.actualidadadiario.com\/index.php\/2024\/12\/18\/las-esquirlas-del-escandalo-de-edgardo-kueider-que-pueden-complicar-los-planes-de-gustavo-bordet\/","title":{"rendered":"Las esquirlas del esc\u00e1ndalo de Kueider que pueden complicar los planes de Bordet"},"content":{"rendered":"<p style=\"text-align: center;\"><em><strong>Aunque la relaci\u00f3n entre ambos se enfri\u00f3 en el \u00faltimo tiempo, la olla a presi\u00f3n que podr\u00eda destapar el senador detenido altera el mapa electoral 2025<\/strong><\/em><\/p>\n<p>&nbsp;<\/p>\n<p>&nbsp;<\/p>\n<p>El sismo pol\u00edtico que provoc\u00f3 la detenci\u00f3n de Edgardo Kueider en Paraguay movi\u00f3 el tablero de la escena nacional en general y de Entre R\u00edos en particular. Aqu\u00ed, en su provincia de origen, asom\u00f3 una inc\u00f3gnita que el tiempo y, eventualmente, la Justicia deber\u00e1n despejar: Qu\u00e9 correspondencia manten\u00eda el defenestrado senador con el exgobernador Gustavo Bordet.<\/p>\n<p>&nbsp;<\/p>\n<p><strong>El devenir de Kueider<\/strong><\/p>\n<p>El expulsado de la c\u00e1mara alta en una sesi\u00f3n por la que todav\u00eda vuelan esquirlas pas\u00f3 de la juventud peronista a una concejal\u00eda de la mano del entonces intendente de Concordia Hern\u00e1n Orduna. Sin embargo, el salto a la pol\u00edtica grande lleg\u00f3 indiscutiblemente de la mano de Bordet, que lo convoc\u00f3 cuando fue jefe comunal de la capital del peronismo.<\/p>\n<p>Luego lo acompa\u00f1\u00f3 como hombre de confianza durante su primer mandato como gobernador, siendo secretario General de la Gobernaci\u00f3n y, despu\u00e9s, ya como senador. En el medio, fue jefe de sus campa\u00f1as pol\u00edticas. La relaci\u00f3n se enfri\u00f3 durante el \u00faltimo tramo del gobierno de Alberto Fern\u00e1ndez y termin\u00f3 de romperse en la era libertaria. Por \u00faltimo, el episodio en Paraguay que deton\u00f3 como una bomba sucia cuyas consecuencias a\u00fan son impredecibles.<\/p>\n<p>&nbsp;<\/p>\n<p><strong>La pregunta que flota en Entre R\u00edos<\/strong><\/p>\n<p>\u00bfPuede Bordet, un animal pol\u00edtico que cosech\u00f3 buena imagen p\u00fablica hasta el final de su segundo mandato e incluso la mantiene un a\u00f1o despu\u00e9s de dejar el Sill\u00f3n de Urquiza, sufrir el esmerilado de su figura por el esc\u00e1ndalo de los 200 mil d\u00f3lares en la mochila de Kueider en la frontera entre Paraguay y Brasil?<\/p>\n<p>La inc\u00f3gnita, relevante en s\u00ed misma, adquiere una importancia significativamente mayor en un contexto de previa de a\u00f1o electoral. M\u00e1s a\u00fan, atendiendo a que el caso Kueider lejos de enfriarse solo promete escalar. Adem\u00e1s, al contrabando en Paraguay se le suman dos causas m\u00e1s en Argentina. Una en Entre R\u00edos, que instruye el fiscal Jos\u00e9 Arias desde Concordia y la que lleva adelante la jueza federal Sandra Arroyo Salgado en San Isidro.<\/p>\n<p>&nbsp;<\/p>\n<p><strong>Despu\u00e9s del esc\u00e1ndalo de Kueider, \u00bfBordet candidato?<\/strong><\/p>\n<p>Bordet consigui\u00f3 en 2023 una banca en la C\u00e1mara de Diputados mientras abandonaba la Casa Gris con el peronismo perdidoso. Tiene por delante tres a\u00f1os m\u00e1s de mandato como legislador, pero las especulaciones sobre una posible candidatura para el Senado en 2025 forma parte de las mesas de arena entrerrianas<\/p>\n<p>La idea, para algunos peronistas, tiene una desventaja: Bordet candidato no permitir\u00eda que crezca otro dirigente, necesario para 2027, cuando el peronismo intentar\u00e1 regresar a la Casa Gris.<\/p>\n<p>Estallado el caso Kueider, flotan preguntas a\u00fan m\u00e1s relevantes: \u00bfCu\u00e1n ligado est\u00e1 Bordet al exsenador? \u00bfCu\u00e1nto sab\u00eda de sus viajes al vecino pa\u00eds? Si se corroboran las hip\u00f3tesis del fiscal Arias y el dinero del hombre bomba es mal habido, \u00bfel hilo se corta en el exsecretario de la Gobernaci\u00f3n o roza a su exjefe?<\/p>\n<p>Incluso, aunque Bordet salga ileso de una eventual investigaci\u00f3n judicial, hay quienes ya sostienen que el da\u00f1o en su imagen p\u00fablica ser\u00eda notorio. Adem\u00e1s, aunque en el presente no se lo exponga significativamente lig\u00e1ndolo a Kueider, es razonable pensar que durante el proceso electoral la foto de ambos ser\u00e1 la bandera con que cualquier dirigente opositor al peronismo haga campa\u00f1a. \u00bfDemasiado alto el costo?<\/p>\n<p>&nbsp;<\/p>\n<p><strong>Bordet fue de los primeros en tomar distancia<\/strong><\/p>\n<p>Aunque el Congreso del Partido Justicialista de Entre R\u00edos hab\u00eda dictaminado que se analice la expulsi\u00f3n de Kueider de sus filas por su votaci\u00f3n en favor de la Ley Bases, fue la mochila con d\u00f3lares la que acelero el proceso.<\/p>\n<p>A las pocas horas de la noticia, Bordet hab\u00eda planteado que \u201cprobablemente esto tenga una definici\u00f3n en los pr\u00f3ximos d\u00edas\u201d. No pas\u00f3 mucho hasta su expulsi\u00f3n. A pesar de otras expresiones, fue la del diputado de Uni\u00f3n por la Patria el empuj\u00f3n que faltaba. &#8220;Una cosa es una inconducta partidaria y otra diferente es cuando hay algo que tiene todos los visos de un il\u00edcito que deber\u00e1 ser aclarado y justificado\u201d, justific\u00f3 entonces ante la agencia de noticias APF.<\/p>\n<p>\u201cFue un funcionario muy estrecho de mi gesti\u00f3n. Despu\u00e9s asumi\u00f3 como senador nacional. Por alg\u00fan motivo la relaci\u00f3n se fue enfriando. \u00c9l sigui\u00f3 otro camino. A veces las personas toman decisiones. \u00c9l tendr\u00e1 que dar las explicaciones que sean necesarias&#8221;, dijo Bordet entonces.<\/p>\n","protected":false},"excerpt":{"rendered":"<p>Aunque la relaci\u00f3n entre ambos se enfri\u00f3 en el \u00faltimo tiempo, la olla a presi\u00f3n que podr\u00eda destapar el senador detenido altera el mapa electoral 2025 &nbsp; &nbsp; El sismo pol\u00edtico que provoc\u00f3 la detenci\u00f3n de Edgardo Kueider en Paraguay movi\u00f3 el tablero de la escena nacional en general y de Entre R\u00edos en particular. Aqu\u00ed, en su provincia de origen, asom\u00f3 una inc\u00f3gnita que el tiempo y, eventualmente, la Justicia deber\u00e1n despejar: Qu\u00e9 correspondencia manten\u00eda el defenestrado senador con el exgobernador Gustavo Bordet. &nbsp; El devenir de Kueider El&#8230;<\/p>\n","protected":false},"author":3,"featured_media":123961,"comment_status":"closed","ping_status":"closed","sticky":false,"template":"","format":"standard","meta":[],"categories":[15],"tags":[],"_links":{"self":[{"href":"https:\/\/www.actualidadadiario.com\/index.php\/wp-json\/wp\/v2\/posts\/123960"}],"collection":[{"href":"https:\/\/www.actualidadadiario.com\/index.php\/wp-json\/wp\/v2\/posts"}],"about":[{"href":"https:\/\/www.actualidadadiario.com\/index.php\/wp-json\/wp\/v2\/types\/post"}],"author":[{"embeddable":true,"href":"https:\/\/www.actualidadadiario.com\/index.php\/wp-json\/wp\/v2\/users\/3"}],"replies":[{"embeddable":true,"href":"https:\/\/www.actualidadadiario.com\/index.php\/wp-json\/wp\/v2\/comments?post=123960"}],"version-history":[{"count":2,"href":"https:\/\/www.actualidadadiario.com\/index.php\/wp-json\/wp\/v2\/posts\/123960\/revisions"}],"predecessor-version":[{"id":123972,"href":"https:\/\/www.actualidadadiario.com\/index.php\/wp-json\/wp\/v2\/posts\/123960\/revisions\/123972"}],"wp:featuredmedia":[{"embeddable":true,"href":"https:\/\/www.actualidadadiario.com\/index.php\/wp-json\/wp\/v2\/media\/123961"}],"wp:attachment":[{"href":"https:\/\/www.actualidadadiario.com\/index.php\/wp-json\/wp\/v2\/media?parent=123960"}],"wp:term":[{"taxonomy":"category","embeddable":true,"href":"https:\/\/www.actualidadadiario.com\/index.php\/wp-json\/wp\/v2\/categories?post=123960"},{"taxonomy":"post_tag","embeddable":true,"href":"https:\/\/www.actualidadadiario.com\/index.php\/wp-json\/wp\/v2\/tags?post=123960"}],"curies":[{"name":"wp","href":"https:\/\/api.w.org\/{rel}","templated":true}]}}