{"id":123950,"date":"2024-12-17T14:34:16","date_gmt":"2024-12-17T17:34:16","guid":{"rendered":"https:\/\/www.actualidadadiario.com\/?p=123950"},"modified":"2024-12-17T14:34:16","modified_gmt":"2024-12-17T17:34:16","slug":"en-su-cumpleanos-88-el-papa-revelo-que-sobrevivio-a-dos-intentos-de-atentado","status":"publish","type":"post","link":"https:\/\/www.actualidadadiario.com\/index.php\/2024\/12\/17\/en-su-cumpleanos-88-el-papa-revelo-que-sobrevivio-a-dos-intentos-de-atentado\/","title":{"rendered":"En su cumplea\u00f1os 88, el Papa revel\u00f3 que sobrevivi\u00f3 a dos intentos de atentado"},"content":{"rendered":"<p style=\"text-align: center;\"><em><strong>El primer intento fue con una mujer cargada de explosivos, y otro un atentado con una camioneta, ambos en Irak. Francisco cumple hoy 88 a\u00f1os y ya es el segundo Papa m\u00e1s longevo de la historia<\/strong><\/em><\/p>\n<p>&nbsp;<\/p>\n<p>&nbsp;<\/p>\n<p>El papa Francisco revel\u00f3 que escap\u00f3 de dos atentados durante su viaje a Irak de marzo de 2021, seg\u00fan su autobiograf\u00eda que se publicar\u00e1 en enero de 2024 en m\u00e1s de 80 pa\u00edses.<\/p>\n<p>&#8220;La polic\u00eda hab\u00eda alertado a la gendarmer\u00eda vaticana sobre una informaci\u00f3n recibida de los servicios secretos brit\u00e1nicos: una mujer cargada de explosivos, una kamikaze, se dirig\u00eda a Mosul para inmolarse durante la visita papal&#8221;, escribe Francisco. &#8220;Y tambi\u00e9n se lanz\u00f3 una furgoneta a toda velocidad con la misma intenci\u00f3n&#8221;, seg\u00fan extractos del libro.<\/p>\n<p>Tanto la kamikaze como el conductor de la camioneta fueron abatidos por la polic\u00eda iraqu\u00ed. &#8220;Casi todo el mundo me desaconsej\u00f3 ese viaje&#8221;, se\u00f1ala Francisco, que celebra su 88 cumplea\u00f1os el martes, &#8220;pero quer\u00eda llegar al fondo, sent\u00ed que ten\u00eda que hacerlo&#8221;.<\/p>\n<p>La hist\u00f3rica visita a Irak estuvo rodeada de grandes medidas de seguridad, en un pa\u00eds en plena actividad de c\u00e9lulas yihadistas. A pesar de ello, el papa cruz\u00f3 el pa\u00eds y visit\u00f3 Bagdad, Mosul, y Qaraqosh, en una zona con presencia yihadista. Ahora, el papa afronta un peso de actividades aumentadas debido al Jubileo del A\u00f1o Santo 2025, siendo el segundo pont\u00edfice m\u00e1s longevo despu\u00e9s de Le\u00f3n XIII.<\/p>\n","protected":false},"excerpt":{"rendered":"<p>El primer intento fue con una mujer cargada de explosivos, y otro un atentado con una camioneta, ambos en Irak. Francisco cumple hoy 88 a\u00f1os y ya es el segundo Papa m\u00e1s longevo de la historia &nbsp; &nbsp; El papa Francisco revel\u00f3 que escap\u00f3 de dos atentados durante su viaje a Irak de marzo de 2021, seg\u00fan su autobiograf\u00eda que se publicar\u00e1 en enero de 2024 en m\u00e1s de 80 pa\u00edses. &#8220;La polic\u00eda hab\u00eda alertado a la gendarmer\u00eda vaticana sobre una informaci\u00f3n recibida de los servicios secretos brit\u00e1nicos: una mujer&#8230;<\/p>\n","protected":false},"author":3,"featured_media":123951,"comment_status":"closed","ping_status":"closed","sticky":false,"template":"","format":"standard","meta":[],"categories":[4],"tags":[],"_links":{"self":[{"href":"https:\/\/www.actualidadadiario.com\/index.php\/wp-json\/wp\/v2\/posts\/123950"}],"collection":[{"href":"https:\/\/www.actualidadadiario.com\/index.php\/wp-json\/wp\/v2\/posts"}],"about":[{"href":"https:\/\/www.actualidadadiario.com\/index.php\/wp-json\/wp\/v2\/types\/post"}],"author":[{"embeddable":true,"href":"https:\/\/www.actualidadadiario.com\/index.php\/wp-json\/wp\/v2\/users\/3"}],"replies":[{"embeddable":true,"href":"https:\/\/www.actualidadadiario.com\/index.php\/wp-json\/wp\/v2\/comments?post=123950"}],"version-history":[{"count":1,"href":"https:\/\/www.actualidadadiario.com\/index.php\/wp-json\/wp\/v2\/posts\/123950\/revisions"}],"predecessor-version":[{"id":123952,"href":"https:\/\/www.actualidadadiario.com\/index.php\/wp-json\/wp\/v2\/posts\/123950\/revisions\/123952"}],"wp:featuredmedia":[{"embeddable":true,"href":"https:\/\/www.actualidadadiario.com\/index.php\/wp-json\/wp\/v2\/media\/123951"}],"wp:attachment":[{"href":"https:\/\/www.actualidadadiario.com\/index.php\/wp-json\/wp\/v2\/media?parent=123950"}],"wp:term":[{"taxonomy":"category","embeddable":true,"href":"https:\/\/www.actualidadadiario.com\/index.php\/wp-json\/wp\/v2\/categories?post=123950"},{"taxonomy":"post_tag","embeddable":true,"href":"https:\/\/www.actualidadadiario.com\/index.php\/wp-json\/wp\/v2\/tags?post=123950"}],"curies":[{"name":"wp","href":"https:\/\/api.w.org\/{rel}","templated":true}]}}