{"id":123948,"date":"2024-12-17T14:33:10","date_gmt":"2024-12-17T17:33:10","guid":{"rendered":"https:\/\/www.actualidadadiario.com\/?p=123948"},"modified":"2024-12-17T14:33:10","modified_gmt":"2024-12-17T17:33:10","slug":"formula-1-el-mensaje-del-representante-de-franco-colapinto-que-genera-ilusion","status":"publish","type":"post","link":"https:\/\/www.actualidadadiario.com\/index.php\/2024\/12\/17\/formula-1-el-mensaje-del-representante-de-franco-colapinto-que-genera-ilusion\/","title":{"rendered":"F\u00f3rmula 1: el mensaje del representante de Franco Colapinto que genera ilusi\u00f3n"},"content":{"rendered":"<p style=\"text-align: center;\"><em><strong>Jamie Campbell-Walter, uno de los representantes del piloto argentino Franco Colapinto, gener\u00f3 ilusi\u00f3n con un mensaje que comparti\u00f3 en las redes sociales en el cual indic\u00f3 que est\u00e1n &#8220;trabajando duro&#8221;<\/strong><\/em><\/p>\n<p>&nbsp;<\/p>\n<p>&nbsp;<\/p>\n<p>Jamie Campbell-Walter, uno de los representantes del piloto argentino Franco Colapinto, gener\u00f3 ilusi\u00f3n con un mensaje que comparti\u00f3 en las redes sociales en el cual indic\u00f3 que est\u00e1n &#8220;trabajando duro&#8221;.<\/p>\n<p>El manager brit\u00e1nico respondi\u00f3 a un posteo en redes sociales por su cumplea\u00f1os agradeciendo y adelant\u00f3 que tiene &#8220;muchos mensajes sobre Franco y el a\u00f1o 2025&#8221;, a la vez que dijo: &#8220;Por favor, tengan paciencia, estamos trabajando duro entre bastidores, pero no podemos hacer ning\u00fan comentario en este momento&#8221;.<\/p>\n<p>El futuro de Colapinto en la F\u00f3rmula 1 es toda una inc\u00f3gnita, ya que no tendr\u00e1 lugar en Williams en 2025 debido a que la escuder\u00eda brit\u00e1nica ya hab\u00eda confirmado al tailand\u00e9s Alexander Albon y al espa\u00f1ol Carlos Sainz Jr.<\/p>\n<p>Si bien son\u00f3 fuerte para Red Bull y Alpine, estas posibilidades parecen haberse esfumado poco a poco.<\/p>\n<p>Lo m\u00e1s posible es que Colapinto sea el piloto de reserva en Williams durante el 2025, a la espera de asegurarse un asiento en la F\u00f3rmula 1 para el 2026.<\/p>\n","protected":false},"excerpt":{"rendered":"<p>Jamie Campbell-Walter, uno de los representantes del piloto argentino Franco Colapinto, gener\u00f3 ilusi\u00f3n con un mensaje que comparti\u00f3 en las redes sociales en el cual indic\u00f3 que est\u00e1n &#8220;trabajando duro&#8221; &nbsp; &nbsp; Jamie Campbell-Walter, uno de los representantes del piloto argentino Franco Colapinto, gener\u00f3 ilusi\u00f3n con un mensaje que comparti\u00f3 en las redes sociales en el cual indic\u00f3 que est\u00e1n &#8220;trabajando duro&#8221;. El manager brit\u00e1nico respondi\u00f3 a un posteo en redes sociales por su cumplea\u00f1os agradeciendo y adelant\u00f3 que tiene &#8220;muchos mensajes sobre Franco y el a\u00f1o 2025&#8221;, a la&#8230;<\/p>\n","protected":false},"author":3,"featured_media":121831,"comment_status":"closed","ping_status":"closed","sticky":false,"template":"","format":"standard","meta":[],"categories":[4],"tags":[],"_links":{"self":[{"href":"https:\/\/www.actualidadadiario.com\/index.php\/wp-json\/wp\/v2\/posts\/123948"}],"collection":[{"href":"https:\/\/www.actualidadadiario.com\/index.php\/wp-json\/wp\/v2\/posts"}],"about":[{"href":"https:\/\/www.actualidadadiario.com\/index.php\/wp-json\/wp\/v2\/types\/post"}],"author":[{"embeddable":true,"href":"https:\/\/www.actualidadadiario.com\/index.php\/wp-json\/wp\/v2\/users\/3"}],"replies":[{"embeddable":true,"href":"https:\/\/www.actualidadadiario.com\/index.php\/wp-json\/wp\/v2\/comments?post=123948"}],"version-history":[{"count":1,"href":"https:\/\/www.actualidadadiario.com\/index.php\/wp-json\/wp\/v2\/posts\/123948\/revisions"}],"predecessor-version":[{"id":123949,"href":"https:\/\/www.actualidadadiario.com\/index.php\/wp-json\/wp\/v2\/posts\/123948\/revisions\/123949"}],"wp:featuredmedia":[{"embeddable":true,"href":"https:\/\/www.actualidadadiario.com\/index.php\/wp-json\/wp\/v2\/media\/121831"}],"wp:attachment":[{"href":"https:\/\/www.actualidadadiario.com\/index.php\/wp-json\/wp\/v2\/media?parent=123948"}],"wp:term":[{"taxonomy":"category","embeddable":true,"href":"https:\/\/www.actualidadadiario.com\/index.php\/wp-json\/wp\/v2\/categories?post=123948"},{"taxonomy":"post_tag","embeddable":true,"href":"https:\/\/www.actualidadadiario.com\/index.php\/wp-json\/wp\/v2\/tags?post=123948"}],"curies":[{"name":"wp","href":"https:\/\/api.w.org\/{rel}","templated":true}]}}