{"id":123945,"date":"2024-12-17T14:32:26","date_gmt":"2024-12-17T17:32:26","guid":{"rendered":"https:\/\/www.actualidadadiario.com\/?p=123945"},"modified":"2024-12-17T14:32:26","modified_gmt":"2024-12-17T17:32:26","slug":"uruguay-yamandu-orsi-presento-a-su-gabinete","status":"publish","type":"post","link":"https:\/\/www.actualidadadiario.com\/index.php\/2024\/12\/17\/uruguay-yamandu-orsi-presento-a-su-gabinete\/","title":{"rendered":"Uruguay: Yamand\u00fa Orsi present\u00f3 a su gabinete"},"content":{"rendered":"<p style=\"text-align: center;\"><em><strong>El presidente electo destac\u00f3 el &#8220;equilibrio pol\u00edtico y de g\u00e9nero&#8221; en la integraci\u00f3n de su equipo<\/strong><\/em><\/p>\n<p>&nbsp;<\/p>\n<p>&nbsp;<\/p>\n<p>El presidente electo de Uruguay, Yamand\u00fa Orsi, present\u00f3 este lunes al gabinete de ministros que lo acompa\u00f1ar\u00e1 desde el 1 de marzo de 2025 en el retorno al poder del izquierdista Frente Amplio (FA).\u00a0 Entre los 14 ministros de la nueva administraci\u00f3n, cinco ser\u00e1n mujeres y cinco son militantes del Movimiento de Participaci\u00f3n Popular (MPP), grupo mayoritario del FA que lidera el expresidente Jos\u00e9 Mujica (2010-2015).<\/p>\n<p>El resto de las designaciones muestra equilibrios pol\u00edticos y de representaci\u00f3n al interior de la coalici\u00f3n izquierdista fundada en 1971, que incluye a socialistas, comunistas e independientes.\u00a0 Orsi encabez\u00f3 la presentaci\u00f3n de su gabinete al mediod\u00eda de este lunes en un hotel de la ciudad de Montevideo, acompa\u00f1ado por la vicepresidenta electa, Carolina Cosse, y con la presencia de la mayor\u00eda de los nominados.<\/p>\n<p>&nbsp;<\/p>\n<p><strong>Equilibrio pol\u00edtico y de g\u00e9nero<\/strong><\/p>\n<p>El futuro presidente declar\u00f3 tras el evento al diario local &#8220;El Observador&#8221; que lo fundamental en las designaciones fue el &#8220;equilibrio pol\u00edtico&#8221; dentro del FA y el &#8220;equilibrio de g\u00e9nero&#8221;.\u00a0 Orsi se\u00f1al\u00f3 que apel\u00f3 a &#8220;gente de una nueva generaci\u00f3n&#8221; m\u00e1s all\u00e1 de la &#8220;experiencia de algunos veteranos&#8221; que &#8220;siempre van a precisar&#8221; y la mayor\u00eda de los nombres fueron mencionados en d\u00edas previos.<\/p>\n<p>&nbsp;<\/p>\n<p><strong>Ministro de Econom\u00eda y Finanzas: Gabriel Oddone<\/strong><\/p>\n<p>El ministro de Econom\u00eda y Finanzas ser\u00e1 Gabriel Oddone, de 61 a\u00f1os, economista de la Universidad de la Rep\u00fablica (Udelar), doctor en Historia Econ\u00f3mica por la Universidad de Barcelona (Espa\u00f1a). Oddone confirm\u00f3 a periodistas que ma\u00f1ana martes se reunir\u00e1 con el actual equipo econ\u00f3mico &#8220;para poder conocer de primera mano la informaci\u00f3n que ellos puedan compartir con nosotros respecto a la situaci\u00f3n econ\u00f3mica del pa\u00eds&#8221;.<\/p>\n<p>&nbsp;<\/p>\n<p><strong>Canciller\u00eda: Mario Lubetkin <\/strong><\/p>\n<p>Al mando de la canciller\u00eda estar\u00e1 Mario Lubetkin, actual subdirector general de la Organizaci\u00f3n de Naciones Unidas para la Alimentaci\u00f3n y la Agricultura (FAO).\u00a0 Lubetkin se\u00f1al\u00f3: &#8220;Lleg\u00f3 el momento despu\u00e9s de tantos a\u00f1os afuera de dar una mano con mi experiencia y conocimiento de todos estos a\u00f1os&#8221;.<\/p>\n<p>&nbsp;<\/p>\n<p><strong>Ministerio del Interior: Carlos Negro<\/strong><\/p>\n<p>En tanto, el Ministerio del Interior lo encabezar\u00e1 Carlos Negro, fiscal de homicidios que acaba de renunciar en el Ministerio P\u00fablico.\u00a0\u00a0 El rector de la Udelar, Rodrigo Arim, present\u00f3 su renuncia para liderar la Oficina de Planeamiento y Presupuesto, organismo con rango ministerial.\u00a0 El cargo de secretario de la Presidencia ser\u00e1 ocupado a su vez por quien fue el jefe de campa\u00f1a de Orsi, el senador Alejandro S\u00e1nchez.<\/p>\n<p>La lista de nombres del gabinete solo incluye uno que repite como ministro en los tres primeros gobiernos consecutivos del FA de 2005 a 2020, Edgardo Ortu\u00f1o, quien ocup\u00f3 la cartera de Industria en 2014 y 2015, al tiempo que ahora asumir\u00e1 el Ministerio de Ambiente. Orsi se impuso en la segunda vuelta presidencial del 24 de noviembre pasado con el 49,8 por ciento de los votos frente al 45,8 del candidato oficialista, \u00c1lvaro Delgado (Partido Nacional), quien se presentaba como la continuidad del gobierno de Luis Lacalle Pou, impulsado por la Coalici\u00f3n Republicana (CR).<\/p>\n<p>El futuro presidente, de 57 a\u00f1os, es un docente de historia que fue intendente del departamento de Canelones (sur).<\/p>\n","protected":false},"excerpt":{"rendered":"<p>El presidente electo destac\u00f3 el &#8220;equilibrio pol\u00edtico y de g\u00e9nero&#8221; en la integraci\u00f3n de su equipo &nbsp; &nbsp; El presidente electo de Uruguay, Yamand\u00fa Orsi, present\u00f3 este lunes al gabinete de ministros que lo acompa\u00f1ar\u00e1 desde el 1 de marzo de 2025 en el retorno al poder del izquierdista Frente Amplio (FA).\u00a0 Entre los 14 ministros de la nueva administraci\u00f3n, cinco ser\u00e1n mujeres y cinco son militantes del Movimiento de Participaci\u00f3n Popular (MPP), grupo mayoritario del FA que lidera el expresidente Jos\u00e9 Mujica (2010-2015). El resto de las designaciones muestra&#8230;<\/p>\n","protected":false},"author":3,"featured_media":123946,"comment_status":"closed","ping_status":"closed","sticky":false,"template":"","format":"standard","meta":[],"categories":[4],"tags":[],"_links":{"self":[{"href":"https:\/\/www.actualidadadiario.com\/index.php\/wp-json\/wp\/v2\/posts\/123945"}],"collection":[{"href":"https:\/\/www.actualidadadiario.com\/index.php\/wp-json\/wp\/v2\/posts"}],"about":[{"href":"https:\/\/www.actualidadadiario.com\/index.php\/wp-json\/wp\/v2\/types\/post"}],"author":[{"embeddable":true,"href":"https:\/\/www.actualidadadiario.com\/index.php\/wp-json\/wp\/v2\/users\/3"}],"replies":[{"embeddable":true,"href":"https:\/\/www.actualidadadiario.com\/index.php\/wp-json\/wp\/v2\/comments?post=123945"}],"version-history":[{"count":1,"href":"https:\/\/www.actualidadadiario.com\/index.php\/wp-json\/wp\/v2\/posts\/123945\/revisions"}],"predecessor-version":[{"id":123947,"href":"https:\/\/www.actualidadadiario.com\/index.php\/wp-json\/wp\/v2\/posts\/123945\/revisions\/123947"}],"wp:featuredmedia":[{"embeddable":true,"href":"https:\/\/www.actualidadadiario.com\/index.php\/wp-json\/wp\/v2\/media\/123946"}],"wp:attachment":[{"href":"https:\/\/www.actualidadadiario.com\/index.php\/wp-json\/wp\/v2\/media?parent=123945"}],"wp:term":[{"taxonomy":"category","embeddable":true,"href":"https:\/\/www.actualidadadiario.com\/index.php\/wp-json\/wp\/v2\/categories?post=123945"},{"taxonomy":"post_tag","embeddable":true,"href":"https:\/\/www.actualidadadiario.com\/index.php\/wp-json\/wp\/v2\/tags?post=123945"}],"curies":[{"name":"wp","href":"https:\/\/api.w.org\/{rel}","templated":true}]}}