{"id":123931,"date":"2024-12-17T13:53:53","date_gmt":"2024-12-17T16:53:53","guid":{"rendered":"https:\/\/www.actualidadadiario.com\/?p=123931"},"modified":"2024-12-17T13:54:04","modified_gmt":"2024-12-17T16:54:04","slug":"adorni-siempre-pusimos-en-valor-el-apoyo-del-pro","status":"publish","type":"post","link":"https:\/\/www.actualidadadiario.com\/index.php\/2024\/12\/17\/adorni-siempre-pusimos-en-valor-el-apoyo-del-pro\/","title":{"rendered":"Adorni: &#8220;Siempre pusimos en valor el apoyo del PRO&#8221;"},"content":{"rendered":"<p style=\"text-align: center;\"><em><strong>El expresidente asegur\u00f3 que &#8220;no hay un partido opositor que haya hecho tanto por un oficialismo como el PRO&#8221;. Desde el Gobierno valorizaron el rol de la oposici\u00f3n y aseguraron &#8220;que hicieron lo correcto&#8221;<\/strong><\/em><\/p>\n<p>&nbsp;<\/p>\n<p>&nbsp;<\/p>\n<p>El vocero presidencial, Manuel Adorni, se refiri\u00f3 a las declaraciones del l\u00edder del PRO Mauricio Macri sobre el acompa\u00f1amiento del conjunto amarillo a la Libertad Avanza y recalc\u00f3: &#8220;Siempre pusimos en valor el apoyo del PRO&#8221;.<\/p>\n<p>&#8220;Siempre reconocimos que con el PRO, como un sector de la oposici\u00f3n, nos ha acompa\u00f1ado siempre en todo, siempre hemos sido agradecidos&#8221;, explic\u00f3 en su habitual conferencia de prensa en Casa Rosada. Las declaraciones de Adorni llegan luego de que Macri asegurara que si su partido no hubiera &#8220;acompa\u00f1ado los vetos&#8221; hoy &#8220;estar\u00edamos en una crisis terminal&#8221;.<\/p>\n<p>&nbsp;<\/p>\n<p><strong>La respuesta del Gobierno a Mauricio Macri<\/strong><\/p>\n<p>La tensi\u00f3n entre el PRO y La Libertad Avanza comienza a hacerse visible con las elecciones de medio t\u00e9rmino de 2025 cada vez m\u00e1s cerca. En este contexto, Adorni recogi\u00f3 los dichos del expresidente y si bien valoriz\u00f3 el rol de la oposici\u00f3n aclar\u00f3 que &#8220;qui\u00e9n gobierna es Javier Milei&#8221;.<\/p>\n<p>&#8220;Es contraf\u00e1ctico lo que dijo el Presidente (Macri). El norte lo ten\u00edamos claro e \u00edbamos a ir hacia ese norte acompa\u00f1e quien acompa\u00f1e. Pero siempre reconocimos que con el PRO, o con un sector de la oposici\u00f3n no solo con el PRO, hemos trabajado y nos han acompa\u00f1ado&#8221;, explic\u00f3 el vocero presidencial. En esta l\u00ednea, Adorni asegur\u00f3 que &#8220;puntualmente el PRO&#8221; los apoy\u00f3 en &#8220;pr\u00e1cticamente todo&#8221;.<\/p>\n<p>&#8220;Siempre lo reconocimos, lo pusimos en valor eso. Entonces no veo que haya incompatibilidad entre lo que dijo el expresidente con lo que nosotros pensamos&#8221; continu\u00f3 el funcionario durante su conferencia de prensa.<\/p>\n<p>A pesar de las coincidencias en ciertos puntos de los roles, Adorni marc\u00f3 el terreno y asegur\u00f3 que la frase de Macri es &#8220;hacer un an\u00e1lisis sobre algo que no pas\u00f3&#8221;. Adem\u00e1s, asegur\u00f3 que si parte de la oposici\u00f3n acompa\u00f1\u00f3 a La Libertad Avanza para evitar &#8220;tierra arrasada&#8221;, entonces &#8220;hicieron lo correcto&#8221;.<\/p>\n<p>La diferenciaci\u00f3n con el expresidente no qued\u00f3 ah\u00ed ya que el vocero presidencial ahond\u00f3: &#8220;Ni coincidimos ni dejamos de coincidir. Nosotros no evaluamos escenarios que no se hayan dado. Me parece que es quitar un poco de m\u00e9rito a todo lo que venimos haciendo con much\u00edsimo esfuerzo desde el 10 de diciembre en t\u00e9rminos del orden macroecon\u00f3mico, de equilibrio fiscal, de auditor\u00edas, de reordenamiento del Estado&#8221;.<\/p>\n<p>&#8220;Tampoco podr\u00edan haber tomado otro camino, porque si el otro camino ellos evaluaban que Argentina sea tierra arrasada, tomaron el camino correcto. Bien por ellos&#8221;, concluy\u00f3.<\/p>\n<p>&nbsp;<\/p>\n<p><strong>Las declaraciones de Macri en la cumbre del PRO<\/strong><\/p>\n<p>Durante una reuni\u00f3n en el Hotel Abasto, llevada a cabo el pasado viernes, el expresidente tom\u00f3 la palabra y dio una serie de definiciones de cara al futuro. Uno de los puntos m\u00e1s \u00e1lgidos del evento fue cuando el l\u00edder del PRO opin\u00f3 sobre la relaci\u00f3n con la administraci\u00f3n libertaria.<\/p>\n<p>En este sentido, Macri asegur\u00f3 que &#8220;En la historia no hay un partido opositor que haya hecho tanto por un oficialismo como el PRO este a\u00f1o&#8221; a pesar del &#8220;destrato permanente del Gobierno&#8221;. Luego, el l\u00edder del PRO puso en tela de juicio la capacidad de gobernabilidad del oficialismo y dispar\u00f3: &#8220;Si no hubi\u00e9semos acompa\u00f1ado los vetos estar\u00edamos en una crisis terminal&#8221;.<\/p>\n<p>Tras esto, Macri explic\u00f3 que &#8220;el gran desaf\u00edo que tiene la pol\u00edtica es recuperar la confianza&#8221; y sostuvo que &#8220;en ning\u00fan pa\u00eds la confianza depende de una persona, depende de las instituciones&#8221;.<\/p>\n<p>Durante cumbre, Macri revindic\u00f3 el papel del partido amarillo y afirm\u00f3: &#8220;Donde gobernamos la gente reconoce que se vive mejor&#8221;. En este sentido, el expresidente areng\u00f3 a los propios para lanzar un &#8220;PRO 3.0, m\u00e1s federal y m\u00e1s integrado al mundo&#8221;.<\/p>\n<p>&#8220;En 2025 nos van a encontrar proponiendo cambios&#8221;, adelant\u00f3 Macri de cara a los comicios de medio t\u00e9rmino de 2025 y defendi\u00f3 el papel de su partido: &#8220;El PRO est\u00e1, yo estoy comprometido y vamos a hacer una buena propuesta electoral&#8221;.<\/p>\n","protected":false},"excerpt":{"rendered":"<p>El expresidente asegur\u00f3 que &#8220;no hay un partido opositor que haya hecho tanto por un oficialismo como el PRO&#8221;. Desde el Gobierno valorizaron el rol de la oposici\u00f3n y aseguraron &#8220;que hicieron lo correcto&#8221; &nbsp; &nbsp; El vocero presidencial, Manuel Adorni, se refiri\u00f3 a las declaraciones del l\u00edder del PRO Mauricio Macri sobre el acompa\u00f1amiento del conjunto amarillo a la Libertad Avanza y recalc\u00f3: &#8220;Siempre pusimos en valor el apoyo del PRO&#8221;. &#8220;Siempre reconocimos que con el PRO, como un sector de la oposici\u00f3n, nos ha acompa\u00f1ado siempre en todo,&#8230;<\/p>\n","protected":false},"author":3,"featured_media":120746,"comment_status":"closed","ping_status":"closed","sticky":false,"template":"","format":"standard","meta":[],"categories":[18],"tags":[],"_links":{"self":[{"href":"https:\/\/www.actualidadadiario.com\/index.php\/wp-json\/wp\/v2\/posts\/123931"}],"collection":[{"href":"https:\/\/www.actualidadadiario.com\/index.php\/wp-json\/wp\/v2\/posts"}],"about":[{"href":"https:\/\/www.actualidadadiario.com\/index.php\/wp-json\/wp\/v2\/types\/post"}],"author":[{"embeddable":true,"href":"https:\/\/www.actualidadadiario.com\/index.php\/wp-json\/wp\/v2\/users\/3"}],"replies":[{"embeddable":true,"href":"https:\/\/www.actualidadadiario.com\/index.php\/wp-json\/wp\/v2\/comments?post=123931"}],"version-history":[{"count":2,"href":"https:\/\/www.actualidadadiario.com\/index.php\/wp-json\/wp\/v2\/posts\/123931\/revisions"}],"predecessor-version":[{"id":123933,"href":"https:\/\/www.actualidadadiario.com\/index.php\/wp-json\/wp\/v2\/posts\/123931\/revisions\/123933"}],"wp:featuredmedia":[{"embeddable":true,"href":"https:\/\/www.actualidadadiario.com\/index.php\/wp-json\/wp\/v2\/media\/120746"}],"wp:attachment":[{"href":"https:\/\/www.actualidadadiario.com\/index.php\/wp-json\/wp\/v2\/media?parent=123931"}],"wp:term":[{"taxonomy":"category","embeddable":true,"href":"https:\/\/www.actualidadadiario.com\/index.php\/wp-json\/wp\/v2\/categories?post=123931"},{"taxonomy":"post_tag","embeddable":true,"href":"https:\/\/www.actualidadadiario.com\/index.php\/wp-json\/wp\/v2\/tags?post=123931"}],"curies":[{"name":"wp","href":"https:\/\/api.w.org\/{rel}","templated":true}]}}