{"id":123925,"date":"2024-12-17T13:51:50","date_gmt":"2024-12-17T16:51:50","guid":{"rendered":"https:\/\/www.actualidadadiario.com\/?p=123925"},"modified":"2024-12-17T13:51:50","modified_gmt":"2024-12-17T16:51:50","slug":"milei-se-volvera-a-encontrar-con-georgia-meloni-y-nayib-bukele-en-la-asuncion-de-donald-trump","status":"publish","type":"post","link":"https:\/\/www.actualidadadiario.com\/index.php\/2024\/12\/17\/milei-se-volvera-a-encontrar-con-georgia-meloni-y-nayib-bukele-en-la-asuncion-de-donald-trump\/","title":{"rendered":"Milei se volver\u00e1 a encontrar con Georgia Meloni y Nayib Bukele en la asunci\u00f3n de Donald Trump"},"content":{"rendered":"<p style=\"text-align: center;\"><em><strong>Es la primera vez en la historia que un presidente electo estadounidense invita a su par argentino a su acto de asunci\u00f3n<\/strong><\/em><\/p>\n<p>&nbsp;<\/p>\n<p>&nbsp;<\/p>\n<p>El Gobierno confirm\u00f3 que Javier Milei fue invitado a la asunci\u00f3n del presidente electo de Estados Unidos, Donald Trump, el pr\u00f3ximo 20 de enero. Adem\u00e1s del mandatario argentino, tambi\u00e9n participar\u00e1n del acto de toma de mando, referentes de la ultraderecha como la primera ministra de Italia, Giorgia Meloni, y el presidente de El Salvador, Nayib Bukele.<\/p>\n<p>Es la primera vez en la historia que un presidente electo estadounidense invita a su par argentino a su acto de asunci\u00f3n.<\/p>\n<p>&nbsp;<\/p>\n<p><strong>La relaci\u00f3n entre Javier Milei y Donald Trump<\/strong><\/p>\n<p>Milei ya visit\u00f3 a Trump en Mar-a-Lago durante la Conferencia de Acci\u00f3n Pol\u00edtica Conservadora (CPAC) y ambos cruzaron elogios. \u201cTe quiero felicitar por el trabajo que has hecho, de hacer la Argentina grande de nuevo. Es incre\u00edble c\u00f3mo la est\u00e1s arreglando y es un honor que est\u00e9s aqu\u00ed\u201d, sostuvo en aquel entonces el pr\u00f3ximo presidente de EEUU y agreg\u00f3: &#8220;Tu discurso fue espectacular pero tu trabajo en Argentina es incluso mejor. Felicitaciones y muchas gracias por estar ac\u00e1. Vos sos MAGA: Make Argentina Great Again&#8221;.<\/p>\n<p>Otro punto importante de su relaci\u00f3n se dio a comienzos de mes, cuando la CPAC realiz\u00f3 un encuentro en Buenos Aires del que particip\u00f3 Lara Trump, nuera del presidente electo y art\u00edfice principal de la campa\u00f1a que lo llev\u00f3 a un segundo mandato.<\/p>\n<p>Trump aplicar\u00e1 un ente de desregulaci\u00f3n que cumplir\u00e1 funciones similares al Ministerio de Desregulaci\u00f3n y Transformaci\u00f3n del Estado encabezado por Federico Sturzenegger: se llamar\u00e1 Departamento de Eficiencia del Gobierno (DOGE, por sus siglas en ingl\u00e9s) y estar\u00e1 encabezado por el exitoso empresario Elon Musk.<\/p>\n<p>En medios oficiales se est\u00e1 trabajando en la redefinici\u00f3n de la agenda de Milei ya que para esa misma fecha fue invitado a participar del Foro Econ\u00f3mico Mundial que se realiza todos los a\u00f1os en Davos (Suiza), evento al que asisten referentes de negocios del mundo y del que participan pol\u00edticos e intelectuales.<\/p>\n<p>En esta gira el primer mandatario tambi\u00e9n ten\u00eda previsto viajar a Israel, con destino a las ciudades de Tel Aviv y Jerusal\u00e9n.<\/p>\n","protected":false},"excerpt":{"rendered":"<p>Es la primera vez en la historia que un presidente electo estadounidense invita a su par argentino a su acto de asunci\u00f3n &nbsp; &nbsp; El Gobierno confirm\u00f3 que Javier Milei fue invitado a la asunci\u00f3n del presidente electo de Estados Unidos, Donald Trump, el pr\u00f3ximo 20 de enero. Adem\u00e1s del mandatario argentino, tambi\u00e9n participar\u00e1n del acto de toma de mando, referentes de la ultraderecha como la primera ministra de Italia, Giorgia Meloni, y el presidente de El Salvador, Nayib Bukele. Es la primera vez en la historia que un presidente&#8230;<\/p>\n","protected":false},"author":3,"featured_media":122810,"comment_status":"closed","ping_status":"closed","sticky":false,"template":"","format":"standard","meta":[],"categories":[18],"tags":[],"_links":{"self":[{"href":"https:\/\/www.actualidadadiario.com\/index.php\/wp-json\/wp\/v2\/posts\/123925"}],"collection":[{"href":"https:\/\/www.actualidadadiario.com\/index.php\/wp-json\/wp\/v2\/posts"}],"about":[{"href":"https:\/\/www.actualidadadiario.com\/index.php\/wp-json\/wp\/v2\/types\/post"}],"author":[{"embeddable":true,"href":"https:\/\/www.actualidadadiario.com\/index.php\/wp-json\/wp\/v2\/users\/3"}],"replies":[{"embeddable":true,"href":"https:\/\/www.actualidadadiario.com\/index.php\/wp-json\/wp\/v2\/comments?post=123925"}],"version-history":[{"count":1,"href":"https:\/\/www.actualidadadiario.com\/index.php\/wp-json\/wp\/v2\/posts\/123925\/revisions"}],"predecessor-version":[{"id":123926,"href":"https:\/\/www.actualidadadiario.com\/index.php\/wp-json\/wp\/v2\/posts\/123925\/revisions\/123926"}],"wp:featuredmedia":[{"embeddable":true,"href":"https:\/\/www.actualidadadiario.com\/index.php\/wp-json\/wp\/v2\/media\/122810"}],"wp:attachment":[{"href":"https:\/\/www.actualidadadiario.com\/index.php\/wp-json\/wp\/v2\/media?parent=123925"}],"wp:term":[{"taxonomy":"category","embeddable":true,"href":"https:\/\/www.actualidadadiario.com\/index.php\/wp-json\/wp\/v2\/categories?post=123925"},{"taxonomy":"post_tag","embeddable":true,"href":"https:\/\/www.actualidadadiario.com\/index.php\/wp-json\/wp\/v2\/tags?post=123925"}],"curies":[{"name":"wp","href":"https:\/\/api.w.org\/{rel}","templated":true}]}}