{"id":123923,"date":"2024-12-17T13:51:08","date_gmt":"2024-12-17T16:51:08","guid":{"rendered":"https:\/\/www.actualidadadiario.com\/?p=123923"},"modified":"2024-12-17T13:51:08","modified_gmt":"2024-12-17T16:51:08","slug":"menem-dijo-que-el-oficialismo-buscara-derogar-el-aborto-y-salieron-a-cruzarlo","status":"publish","type":"post","link":"https:\/\/www.actualidadadiario.com\/index.php\/2024\/12\/17\/menem-dijo-que-el-oficialismo-buscara-derogar-el-aborto-y-salieron-a-cruzarlo\/","title":{"rendered":"Menem dijo que el oficialismo buscar\u00e1 derogar el aborto y salieron a cruzarlo"},"content":{"rendered":"<p style=\"text-align: center;\"><em><strong>El presidente de la C\u00e1mara de Diputados, Mart\u00edn Menem, confirm\u00f3 que le &#8220;gustar\u00eda&#8221; una normativa para derogar la ley de Interrupci\u00f3n Voluntaria del Embarazo o &#8220;cambiar la que est\u00e1&#8221;. Sus dichos generaron cr\u00edticas de distintos sectores de la oposici\u00f3n<\/strong><\/em><\/p>\n<p>&nbsp;<\/p>\n<p>&nbsp;<\/p>\n<p>El presidente de la C\u00e1mara de Diputados, Mart\u00edn Menem, expres\u00f3 abiertamente su postura en contra del aborto y anunci\u00f3 que en 2025 el bloque oficialista de La Libertad Avanza intentar\u00e1 presentar un proyecto para derogar o modificar la Ley de Interrupci\u00f3n Voluntaria del Embarazo (IVE). En ese contexto, referentes de la oposici\u00f3n y otras personalidades salieron a criticar sus declaraciones.<\/p>\n<p>&#8220;Yo soy pro vida. Pa\u00f1uelo celeste, de ac\u00e1 a la China\u201d, manifest\u00f3 el legislador libertario al confirmar la posibilidad en di\u00e1logo con Alejandro Fantino en Neura Media. &#8220;Se puede hacer. Puede haber una ley para derogar la anterior o cambiar la que est\u00e1. Podr\u00eda ser un proyecto para el a\u00f1o que viene&#8221;, afirm\u00f3.<\/p>\n<p>En esa l\u00ednea, el dirigente riojano reconoci\u00f3 que &#8220;no cree que el oficialismo tenga los n\u00fameros&#8221; dado a la baja cantidad de legisladores propios con los que cuenta en ambas c\u00e1maras del Congreso, pero reiter\u00f3 que &#8220;le gustar\u00eda la idea&#8221; de reformar la ley sancionada en 2020, durante la presidencia de Alberto Fern\u00e1ndez.<\/p>\n<p>Al dejar en claro que realizaba estas declaraciones &#8220;a t\u00edtulo personal&#8221;, Menem respondi\u00f3 que el Gobierno de Javier Milei &#8220;ya ha tocado muchos intereses&#8221; durante su primer a\u00f1o de mandato, al ser advertido por el periodista que &#8220;podr\u00eda ser terrible&#8221; la reacci\u00f3n social y de una parte de la opini\u00f3n p\u00fablica si se avanza sobre el tema del aborto legal.<\/p>\n<p>El titular de la C\u00e1mara Baja resalt\u00f3 la importancia de las Elecciones Legislativas de 2025 para avanzar con esta iniciativa. &#8220;La posibilidad de revertir el aborto la tenemos en nuestras manos&#8221;, asegur\u00f3 al indicar que una mayor\u00eda parlamentaria le dar\u00eda al oficialismo las chances de materializar proyectos como este.<\/p>\n<p>Por su parte, el presidente Milei ya hab\u00eda manifestado en diversas ocasiones su rechazo al aborto, al cual lo describi\u00f3 como &#8220;un asesinato agravado por el v\u00ednculo&#8221;. Tambi\u00e9n se refiri\u00f3 a quienes defienden a la ley de interrupci\u00f3n voluntaria del embarazo como &#8220;asesinos del pa\u00f1uelo verde&#8221;.<\/p>\n<p>&nbsp;<\/p>\n<p><strong>Reacciones por los dichos de Mart\u00edn Menem<\/strong><\/p>\n<p>Una de las primeras en salir a cruzar al diputado libertario fue Malena Galmarini, expresidenta de AYSA y esposa de Sergio Massa, quien cit\u00f3 el fragmento de la entrevista. &#8220;En un pa\u00eds donde millones de jubilados no llegan a fin de mes, donde nos piden &#8216;no comer en las fiestas&#8217; o &#8220;cortar muy finito la pechuga de pollo&#8221; como si fuera una elecci\u00f3n y no el resultado de pol\u00edticas de empobrecimiento, el gobierno lanza un anuncio berreta sobre penalizar el aborto&#8221;, escribi\u00f3 en su cuenta de la red social X.<\/p>\n<p>\u201cNo tienen los votos para eso\u2026 \u00bfSe usar\u00e1 el presupuesto 2025 que no quisieron tratar para salir a comprarlos?\u201d, coment\u00f3 al referirse a las palabras de Menem y deslizar una chicana por el caso del senador Edgardo Kueider, detenido en Paraguay con m\u00e1s de 200.000 mil d\u00f3lares sin declarar y acusado de corrupci\u00f3n.<\/p>\n<p>Kueider, que ingres\u00f3 por la boleta del Frente de Todos a su banca, es se\u00f1alado por el kirchnerismo y sectores del Frente Renovador por supuestamente aceptar coimas para votar a favor de iniciativas del Gobierno. &#8220;Lo \u00fanico que s\u00ed tienen es el plan de seguir subiendo tarifas y de regalar empresas estrat\u00e9gicas en verano. No nos distraen. Si tuvieran una ley, la mostrar\u00edan&#8221;, a\u00f1adi\u00f3 la dirigente peronista.<\/p>\n<p>&#8220;Diputados no tiene sesiones extraordinarias porque les da miedo legislar. Nos vemos en marzo y vemos qu\u00e9 plantean ah\u00ed. Mientras tanto, seguiremos denunciando c\u00f3mo saquean al pa\u00eds&#8221;, concluy\u00f3 Galmarini en su posteo.<\/p>\n<p>Myriam Bregman, exdiputada del Frente de Izquierda (FIT), tambi\u00e9n utiliz\u00f3 sus redes sociales para dejar una frase categ\u00f3rica: &#8220;Si amenazan con atacar el aborto legal, qu\u00e9 quilombo se va a armar&#8221;. As\u00ed, la excandidata presidencial mostr\u00f3 la idea de librar un plan de lucha si la Administraci\u00f3n libertaria concreta este proyecto.<\/p>\n<p>Estela D\u00edaz, ministra de las Mujeres, Pol\u00edticas de G\u00e9nero y Diversidad Sexual de la provincia de Buenos Aires, describi\u00f3 el anuncio como &#8220;innecesario&#8221; y dijo que &#8220;el objetivo fundamental del oficialismo es destruir\u201d. \u201cQuerer derogar el aborto es una barbaridad m\u00e1s de este gobierno\u201d, lanz\u00f3 en di\u00e1logo con el medio Provincia Noticias.<\/p>\n<p>En tanto, la legisladora porte\u00f1a PTS\/FIT, Andrea D&#8217;Atri, coment\u00f3 que &#8220;con tal de tapar la corruptela con que consiguieron la Ley Coima Bases, estos que manejan la comunicaci\u00f3n del gobierno son capaces de tirar cualquier cosa&#8221;. Adem\u00e1s, la dirigente de izquierda agreg\u00f3 en X: &#8220;\u00bfSon conscientes de que hubo una larga lucha y millones en la calle por el aborto legal que saldremos a defender lo conquistado?&#8221;.<\/p>\n<p>Marina Hidalgo de Robles, referenta del Nuevo MAS, coment\u00f3 que &#8220;en 2023 Milei dijo que si ganaba iba a derogar el Aborto Legal, y le hicimos un 28S tan grande que tuvo que llamarse a silencio&#8221;. En esa l\u00ednea, sostuvo que &#8220;la Marea Verde saldr\u00e1 a explicarle nuevamente a Menem que el aborto legal no se toca&#8221;.<\/p>\n<p>Adem\u00e1s de las figuras pol\u00edticas, hubo personalidades de otros \u00e1mbitos que se hicieron eco de las declaraciones del titular de la C\u00e1mara de Diputados. Una de ellas fue la escritora y guionista Claudia Pi\u00f1eiro, que escribi\u00f3 en la plataforma ex Twitter: &#8220;Aborto legal, seguro y gratuito. No rompan las pelotas y oc\u00fapense de lo que se tienen que ocupar: pobreza, hambre, jubilados, desempleo, etc.&#8221;.<\/p>\n","protected":false},"excerpt":{"rendered":"<p>El presidente de la C\u00e1mara de Diputados, Mart\u00edn Menem, confirm\u00f3 que le &#8220;gustar\u00eda&#8221; una normativa para derogar la ley de Interrupci\u00f3n Voluntaria del Embarazo o &#8220;cambiar la que est\u00e1&#8221;. Sus dichos generaron cr\u00edticas de distintos sectores de la oposici\u00f3n &nbsp; &nbsp; El presidente de la C\u00e1mara de Diputados, Mart\u00edn Menem, expres\u00f3 abiertamente su postura en contra del aborto y anunci\u00f3 que en 2025 el bloque oficialista de La Libertad Avanza intentar\u00e1 presentar un proyecto para derogar o modificar la Ley de Interrupci\u00f3n Voluntaria del Embarazo (IVE). En ese contexto, referentes&#8230;<\/p>\n","protected":false},"author":3,"featured_media":49163,"comment_status":"closed","ping_status":"closed","sticky":false,"template":"","format":"standard","meta":[],"categories":[18],"tags":[],"_links":{"self":[{"href":"https:\/\/www.actualidadadiario.com\/index.php\/wp-json\/wp\/v2\/posts\/123923"}],"collection":[{"href":"https:\/\/www.actualidadadiario.com\/index.php\/wp-json\/wp\/v2\/posts"}],"about":[{"href":"https:\/\/www.actualidadadiario.com\/index.php\/wp-json\/wp\/v2\/types\/post"}],"author":[{"embeddable":true,"href":"https:\/\/www.actualidadadiario.com\/index.php\/wp-json\/wp\/v2\/users\/3"}],"replies":[{"embeddable":true,"href":"https:\/\/www.actualidadadiario.com\/index.php\/wp-json\/wp\/v2\/comments?post=123923"}],"version-history":[{"count":1,"href":"https:\/\/www.actualidadadiario.com\/index.php\/wp-json\/wp\/v2\/posts\/123923\/revisions"}],"predecessor-version":[{"id":123924,"href":"https:\/\/www.actualidadadiario.com\/index.php\/wp-json\/wp\/v2\/posts\/123923\/revisions\/123924"}],"wp:featuredmedia":[{"embeddable":true,"href":"https:\/\/www.actualidadadiario.com\/index.php\/wp-json\/wp\/v2\/media\/49163"}],"wp:attachment":[{"href":"https:\/\/www.actualidadadiario.com\/index.php\/wp-json\/wp\/v2\/media?parent=123923"}],"wp:term":[{"taxonomy":"category","embeddable":true,"href":"https:\/\/www.actualidadadiario.com\/index.php\/wp-json\/wp\/v2\/categories?post=123923"},{"taxonomy":"post_tag","embeddable":true,"href":"https:\/\/www.actualidadadiario.com\/index.php\/wp-json\/wp\/v2\/tags?post=123923"}],"curies":[{"name":"wp","href":"https:\/\/api.w.org\/{rel}","templated":true}]}}