{"id":123918,"date":"2024-12-18T11:49:00","date_gmt":"2024-12-18T14:49:00","guid":{"rendered":"https:\/\/www.actualidadadiario.com\/?p=123918"},"modified":"2024-12-18T13:23:26","modified_gmt":"2024-12-18T16:23:26","slug":"a-partir-de-enero-se-descongelaran-las-dietas-de-los-senadores-y-alcanzarian-los-10-millones-de-pesos","status":"publish","type":"post","link":"https:\/\/www.actualidadadiario.com\/index.php\/2024\/12\/18\/a-partir-de-enero-se-descongelaran-las-dietas-de-los-senadores-y-alcanzarian-los-10-millones-de-pesos\/","title":{"rendered":"A partir de enero se descongelar\u00e1n las dietas de los senadores y alcanzar\u00edan los 10 millones de pesos"},"content":{"rendered":"<p style=\"text-align: center;\"><em><strong>En agosto pasado, el cuerpo hab\u00eda votado suspender hasta fin de a\u00f1o los aumentos que est\u00e1n &#8220;enganchados&#8221; a las paritarias de los empleados legislativos. Villarruel expuso el tema finalizada la sesi\u00f3n por la expulsi\u00f3n de Kueider<\/strong><\/em><\/p>\n<p>&nbsp;<\/p>\n<p>&nbsp;<\/p>\n<p>Finalizada la sesi\u00f3n en la que se expuls\u00f3 a Edgardo Kueider, una visible ofuscada Victoria Villarruel expuso a los senadores nacionales sobre los incrementos que comenzar\u00e1n a tener en sus dietas a partir del 1ro. de enero, cuando se acabe la suspensi\u00f3n de aumentos que el cuerpo mismo vot\u00f3 en agosto pasado.<\/p>\n<p>&#8220;Solicit\u00e9 que se tratara el congelamiento de las dietas de los senadores, porque a partir del 1ro. de enero se comienzan a actualizar autom\u00e1ticamente, cuesti\u00f3n que espero que los senadores traten. Yo no soy senadora, s\u00f3lo facilito las condiciones para el tratamiento y la discusi\u00f3n de este tema, pero no soy las que toma las decisiones&#8221;, dijo en declaraciones a la prensa y consider\u00f3 que &#8220;entendiendo el esfuerzo inmenso desde lo econ\u00f3mico que est\u00e1 haciendo la poblaci\u00f3n, creo que debemos estar a la altura&#8221;.<\/p>\n<p>Tras varios meses y con los cambios que se sucedieron en ese lapso, las palabras de la vicepresidenta fueron todo un giro respecto de lo que opinaba en marzo pasado, cuando los senadores todav\u00eda no hab\u00edan resuelto aumentarse las dietas y cobraban abajo de los 2 millones de pesos. En ese momento, Villarruel se resist\u00eda a cumplir con el pedido de Javier Milei para que se diera marcha atr\u00e1s con una suba del 30% -finalmente firm\u00f3 la resoluci\u00f3n junto a Mart\u00edn Menem- y expres\u00f3 en una entrevista con TN que los legisladores &#8220;no ganan bien&#8221;.<\/p>\n<p>A diferencia de c\u00f3mo se manej\u00f3 el aumento de dietas en la C\u00e1mara de Diputados, los senadores fueron al recinto el 18 de abril y resolvieron la cuesti\u00f3n por su propia cuenta: en una votaci\u00f3n a mano alzada y sin debate se aumentaron las dietas m\u00e1s del doble y dispusieron atarlas a las subas que acordar\u00edan en adelante los gremios legislativos.<\/p>\n<p>As\u00ed, en abril, las dietas de los senadores que estaban por debajo de los 2 millones de pesos pasaron a m\u00e1s de 4 millones de pesos netos. Sumado a algunos diferenciales, el bruto ascend\u00eda a m\u00e1s de 6 millones de pesos.<\/p>\n<p>El proyecto de resoluci\u00f3n que se vot\u00f3 en abril establec\u00eda: &#8220;A partir del mes de mayo del presente a\u00f1o, los senadores nacionales percibir\u00e1n un total de 13 dietas anuales. Cada una de las mismas ser\u00e1 equivalente a 2.500 m\u00f3dulos m\u00e1s un adicional de 1.000 m\u00f3dulos por gastos de representaci\u00f3n y 500 m\u00f3dulos de adicional por desarraigo&#8221;. &#8220;El valor del m\u00f3dulo ser\u00e1 el equivalente al que perciben los empleados legislativos&#8221;, agregaba.<\/p>\n<p>A mitad de a\u00f1o, cuando los gremios acordaron nuevos aumentos para julio y agosto, se conoci\u00f3 que esto impactar\u00eda de lleno en las dietas de los senadores, llev\u00e1ndolas a 8 millones de pesos en neto.<\/p>\n<p>A ra\u00edz de la pol\u00e9mica, en la sesi\u00f3n de 22 de agosto se vot\u00f3 un proyecto firmado por los jefes de bloques para suspender los aumentos hasta el 31 de diciembre. En esa oportunidad tambi\u00e9n se aprob\u00f3 un emplazamiento a comisiones para tratar un proyecto del senador de UP Jos\u00e9 Mayans sobre un tope a los sueldos de los funcionarios de los tres poderes del Estado. Pese a eso, nunca se debati\u00f3.<\/p>\n<p>Es as\u00ed que ahora, a d\u00edas que culmine el a\u00f1o, las dietas de los senadores volver\u00e1n a estar &#8220;enganchadas&#8221; a las paritarias de los empleados del Congreso en 2025. Seg\u00fan confirmaron fuentes del Senado a parlamentario.com, efectivamente las dietas subir\u00edan a 10 millones de pesos.<\/p>\n<p>El pasado 13 de noviembre, la Comisi\u00f3n Negociadora del Congreso resolvi\u00f3 un incremento del 2% para septiembre, del 1% para octubre, del 2% para noviembre y del 1% a partir para diciembre. En tanto, a partir del 1ro. de enero se podr\u00e1n discutir nuevas paritarias, cuando ya estar\u00e1n nuevamente enganchadas las dietas de los senadores con los haberes de los trabajadores. Salvo que haya una resoluci\u00f3n en estos d\u00edas, algo que no parece vaya a suceder.<\/p>\n","protected":false},"excerpt":{"rendered":"<p>En agosto pasado, el cuerpo hab\u00eda votado suspender hasta fin de a\u00f1o los aumentos que est\u00e1n &#8220;enganchados&#8221; a las paritarias de los empleados legislativos. Villarruel expuso el tema finalizada la sesi\u00f3n por la expulsi\u00f3n de Kueider &nbsp; &nbsp; Finalizada la sesi\u00f3n en la que se expuls\u00f3 a Edgardo Kueider, una visible ofuscada Victoria Villarruel expuso a los senadores nacionales sobre los incrementos que comenzar\u00e1n a tener en sus dietas a partir del 1ro. de enero, cuando se acabe la suspensi\u00f3n de aumentos que el cuerpo mismo vot\u00f3 en agosto pasado&#8230;.<\/p>\n","protected":false},"author":3,"featured_media":116934,"comment_status":"closed","ping_status":"closed","sticky":false,"template":"","format":"standard","meta":[],"categories":[9],"tags":[],"_links":{"self":[{"href":"https:\/\/www.actualidadadiario.com\/index.php\/wp-json\/wp\/v2\/posts\/123918"}],"collection":[{"href":"https:\/\/www.actualidadadiario.com\/index.php\/wp-json\/wp\/v2\/posts"}],"about":[{"href":"https:\/\/www.actualidadadiario.com\/index.php\/wp-json\/wp\/v2\/types\/post"}],"author":[{"embeddable":true,"href":"https:\/\/www.actualidadadiario.com\/index.php\/wp-json\/wp\/v2\/users\/3"}],"replies":[{"embeddable":true,"href":"https:\/\/www.actualidadadiario.com\/index.php\/wp-json\/wp\/v2\/comments?post=123918"}],"version-history":[{"count":1,"href":"https:\/\/www.actualidadadiario.com\/index.php\/wp-json\/wp\/v2\/posts\/123918\/revisions"}],"predecessor-version":[{"id":123919,"href":"https:\/\/www.actualidadadiario.com\/index.php\/wp-json\/wp\/v2\/posts\/123918\/revisions\/123919"}],"wp:featuredmedia":[{"embeddable":true,"href":"https:\/\/www.actualidadadiario.com\/index.php\/wp-json\/wp\/v2\/media\/116934"}],"wp:attachment":[{"href":"https:\/\/www.actualidadadiario.com\/index.php\/wp-json\/wp\/v2\/media?parent=123918"}],"wp:term":[{"taxonomy":"category","embeddable":true,"href":"https:\/\/www.actualidadadiario.com\/index.php\/wp-json\/wp\/v2\/categories?post=123918"},{"taxonomy":"post_tag","embeddable":true,"href":"https:\/\/www.actualidadadiario.com\/index.php\/wp-json\/wp\/v2\/tags?post=123918"}],"curies":[{"name":"wp","href":"https:\/\/api.w.org\/{rel}","templated":true}]}}