{"id":123915,"date":"2024-12-17T12:44:27","date_gmt":"2024-12-17T15:44:27","guid":{"rendered":"https:\/\/www.actualidadadiario.com\/?p=123915"},"modified":"2024-12-17T12:44:27","modified_gmt":"2024-12-17T15:44:27","slug":"record-historico-de-incendios-forestales-en-neuquen-nunca-se-vio-en-la-provincia","status":"publish","type":"post","link":"https:\/\/www.actualidadadiario.com\/index.php\/2024\/12\/17\/record-historico-de-incendios-forestales-en-neuquen-nunca-se-vio-en-la-provincia\/","title":{"rendered":"R\u00e9cord hist\u00f3rico de incendios forestales en Neuqu\u00e9n: \u00abNunca se vio en la provincia\u00bb"},"content":{"rendered":"<p style=\"text-align: center;\"><em><strong>Los brigadistas combatieron 35 incendios, de los cuales quedan 2 activos. La secretaria Ortiz Luna destac\u00f3 su labor<\/strong><\/em><\/p>\n<p>&nbsp;<\/p>\n<p>&nbsp;<\/p>\n<p>Debido a la tormenta el\u00e9ctrica en la zona cordillerana de Neuqu\u00e9n, desde el domingo brigadistas combatieron 35 focos de incendios forestales, de los cuales quedan 2 activos. La secretaria de emergencias y gesti\u00f3n del riesgo, Luciana Ortiz Luna, destac\u00f3 que \u00abnunca se vio en la provincia este escenario\u00bb.<\/p>\n<p>\u00abJam\u00e1s se hab\u00eda dado este n\u00famero\u00bb, remarc\u00f3 la funcionaria en una entrevista con AM Cumbre y enfatiz\u00f3 que: \u00abFue una verdadera locura el trabajo de los brigadistas, hay que sacarse el sombrero\u00bb.<\/p>\n<p>En este sentido, sostuvo que el gran despliegue de los equipos de emergencia permiti\u00f3 que la mayor\u00eda de los incendios no se propagaran, pero advirti\u00f3 que hay dos focos activos en Loncopu\u00e9.<\/p>\n<p>&nbsp;<\/p>\n<p><strong>R\u00e9cord de incendios forestales en Neuqu\u00e9n: hay dos focos activos en Loncopu\u00e9<\/strong><\/p>\n<p>Los incendios tienen lugar en la zona de los parajes El Escorial y Huarenchenque. Este \u00faltimo, se\u00f1al\u00f3 Ortiz Luna que \u00abno se quemaba hace m\u00e1s de 20 a\u00f1os\u00bb.<\/p>\n<p>A su vez, se\u00f1al\u00f3 que este martes las dimensiones de los incendios \u00abson mucho menores\u00bb y agreg\u00f3 que est\u00e1n esperando \u00abla llegada del avi\u00f3n hidrante de Naci\u00f3n y el helic\u00f3ptero de la Provincia\u00bb para extinguir las llamas.<\/p>\n<p>Sin embargo, la funcionaria explic\u00f3 que en los pr\u00f3ximos d\u00edas seguir\u00e1n monitoreando otros posibles focos de incendio. Indic\u00f3 que, por ejemplo, \u00abcuando los rayos caen en las araucarias no dan signos de incendio inmediatamente, pero s\u00ed d\u00edas despu\u00e9s\u00bb.<\/p>\n<p>Por \u00faltimo, aclar\u00f3 que de los 35 focos hubo uno que fue provocado por un vecino de las Lajas, quien realiz\u00f3 una quema a la vera de la ruta, pero se le descontrol\u00f3.<\/p>\n","protected":false},"excerpt":{"rendered":"<p>Los brigadistas combatieron 35 incendios, de los cuales quedan 2 activos. La secretaria Ortiz Luna destac\u00f3 su labor &nbsp; &nbsp; Debido a la tormenta el\u00e9ctrica en la zona cordillerana de Neuqu\u00e9n, desde el domingo brigadistas combatieron 35 focos de incendios forestales, de los cuales quedan 2 activos. La secretaria de emergencias y gesti\u00f3n del riesgo, Luciana Ortiz Luna, destac\u00f3 que \u00abnunca se vio en la provincia este escenario\u00bb. \u00abJam\u00e1s se hab\u00eda dado este n\u00famero\u00bb, remarc\u00f3 la funcionaria en una entrevista con AM Cumbre y enfatiz\u00f3 que: \u00abFue una verdadera locura&#8230;<\/p>\n","protected":false},"author":3,"featured_media":123916,"comment_status":"closed","ping_status":"closed","sticky":false,"template":"","format":"standard","meta":[],"categories":[2],"tags":[],"_links":{"self":[{"href":"https:\/\/www.actualidadadiario.com\/index.php\/wp-json\/wp\/v2\/posts\/123915"}],"collection":[{"href":"https:\/\/www.actualidadadiario.com\/index.php\/wp-json\/wp\/v2\/posts"}],"about":[{"href":"https:\/\/www.actualidadadiario.com\/index.php\/wp-json\/wp\/v2\/types\/post"}],"author":[{"embeddable":true,"href":"https:\/\/www.actualidadadiario.com\/index.php\/wp-json\/wp\/v2\/users\/3"}],"replies":[{"embeddable":true,"href":"https:\/\/www.actualidadadiario.com\/index.php\/wp-json\/wp\/v2\/comments?post=123915"}],"version-history":[{"count":1,"href":"https:\/\/www.actualidadadiario.com\/index.php\/wp-json\/wp\/v2\/posts\/123915\/revisions"}],"predecessor-version":[{"id":123917,"href":"https:\/\/www.actualidadadiario.com\/index.php\/wp-json\/wp\/v2\/posts\/123915\/revisions\/123917"}],"wp:featuredmedia":[{"embeddable":true,"href":"https:\/\/www.actualidadadiario.com\/index.php\/wp-json\/wp\/v2\/media\/123916"}],"wp:attachment":[{"href":"https:\/\/www.actualidadadiario.com\/index.php\/wp-json\/wp\/v2\/media?parent=123915"}],"wp:term":[{"taxonomy":"category","embeddable":true,"href":"https:\/\/www.actualidadadiario.com\/index.php\/wp-json\/wp\/v2\/categories?post=123915"},{"taxonomy":"post_tag","embeddable":true,"href":"https:\/\/www.actualidadadiario.com\/index.php\/wp-json\/wp\/v2\/tags?post=123915"}],"curies":[{"name":"wp","href":"https:\/\/api.w.org\/{rel}","templated":true}]}}