{"id":123912,"date":"2024-12-18T11:55:06","date_gmt":"2024-12-18T14:55:06","guid":{"rendered":"https:\/\/www.actualidadadiario.com\/?p=123912"},"modified":"2024-12-18T13:22:35","modified_gmt":"2024-12-18T16:22:35","slug":"milei-retoma-las-giras-por-el-interior-visita-dos-provincias-aliadas","status":"publish","type":"post","link":"https:\/\/www.actualidadadiario.com\/index.php\/2024\/12\/18\/milei-retoma-las-giras-por-el-interior-visita-dos-provincias-aliadas\/","title":{"rendered":"Milei retoma las giras por el Interior: visita dos provincias aliadas"},"content":{"rendered":"<p style=\"text-align: center;\"><em><strong>El Presidente viajar\u00e1 esta semana a dos distritos gobernados por peronistas dialoguistas. Ser\u00e1 el primer recorrido por el Interior luego de los cruces por el Presupuesto 2025<\/strong><\/em><\/p>\n<p>&nbsp;<\/p>\n<p>&nbsp;<\/p>\n<p>El presidente Javier Milei retomar\u00e1 esta semana las recorridas por las provincias en las que incluir\u00e1 a Tucum\u00e1n y C\u00f3rdoba, dos distritos gobernados por dirigentes del peronismo dialoguista. Se tratar\u00e1 de los primeros desembarcos que el jefe de Estado realizar\u00e1 luego de los cruces con los mandatarios provinciales por el Presupuesto 2025.<\/p>\n<p>El Presidente llegar\u00e1 a Tucum\u00e1n por segunda vez en el a\u00f1o, tras el pasado 9 de Julio, para recibir el premio &#8220;Juan Bautista Alberdi&#8221; que le entregar\u00e1 la Fundaci\u00f3n Federalismo y Libertad en su cena de fin de a\u00f1o. Ser\u00e1 el jueves en un hotel frente al Parque 9 de Julio, en la capital, ocasi\u00f3n en la que se encontrar\u00e1 con el gobernador Osvaldo Jaldo, y tambi\u00e9n su par de Catamarca, Ra\u00fal Jalil.<\/p>\n<p>Es posible que el Presidente no pase la noche en la provincia al d\u00eda siguiente estar\u00e1 en C\u00f3rdoba para la inauguraci\u00f3n de la nueva sede de la Bolsa de Comercio de esa provincia, instituci\u00f3n que nuclea a los principales referentes del sector empresarial.<\/p>\n<p>El primer mandatario ser\u00e1 acompa\u00f1ado por la secretaria general de la Presidencia, Karina Milei; el Jefe de Gabinete, Guillermo Francos; la vicepresidenta del Senado, la santafesina Carolina Losada, el senador juje\u00f1o Ezequiel Atauche, presidente del bloque en la C\u00e1mara Alta, y las diputadas nacionales Emilia Orozco, de Salta, y Sabrina Ajmechet, de CABA. Por el lado tucumano, fueron invitados el vicegobernador Miguel Acevedo, intendentes, legisladores provinciales y empresarios.<\/p>\n<p>La segunda parada ser\u00e1 C\u00f3rdoba, donde participar\u00e1 de la inauguraci\u00f3n de la nueva sede de la Bolsa de Comercio. Milei hablar\u00e1 ante el c\u00edrculo rojo local, en un evento que tambi\u00e9n contar\u00e1 con la presencia del gobernador Mart\u00edn Llaryora.<\/p>\n<p>Hace pocas horas, el mandatario cordob\u00e9s volvi\u00f3 a pedirle al presidente Milei la baja de retenciones a las exportaciones agropecuarias. \u201cVeo que a otras provincias les dan regal\u00edas y a nosotros nos hacen pagar&#8221;, dijo Llaryora en un evento empresarial.<\/p>\n<p>La visita a C\u00f3rdoba, prevista para el viernes, ser\u00e1 la cuarta que Milei hace este a\u00f1o y la primera que concreta en los primeros d\u00edas de su segundo a\u00f1o de gesti\u00f3n. La provincia ser\u00e1 coronar\u00e1 como la m\u00e1s visitada por el presidente.<\/p>\n","protected":false},"excerpt":{"rendered":"<p>El Presidente viajar\u00e1 esta semana a dos distritos gobernados por peronistas dialoguistas. Ser\u00e1 el primer recorrido por el Interior luego de los cruces por el Presupuesto 2025 &nbsp; &nbsp; El presidente Javier Milei retomar\u00e1 esta semana las recorridas por las provincias en las que incluir\u00e1 a Tucum\u00e1n y C\u00f3rdoba, dos distritos gobernados por dirigentes del peronismo dialoguista. Se tratar\u00e1 de los primeros desembarcos que el jefe de Estado realizar\u00e1 luego de los cruces con los mandatarios provinciales por el Presupuesto 2025. El Presidente llegar\u00e1 a Tucum\u00e1n por segunda vez en&#8230;<\/p>\n","protected":false},"author":3,"featured_media":120570,"comment_status":"closed","ping_status":"closed","sticky":false,"template":"","format":"standard","meta":[],"categories":[9],"tags":[],"_links":{"self":[{"href":"https:\/\/www.actualidadadiario.com\/index.php\/wp-json\/wp\/v2\/posts\/123912"}],"collection":[{"href":"https:\/\/www.actualidadadiario.com\/index.php\/wp-json\/wp\/v2\/posts"}],"about":[{"href":"https:\/\/www.actualidadadiario.com\/index.php\/wp-json\/wp\/v2\/types\/post"}],"author":[{"embeddable":true,"href":"https:\/\/www.actualidadadiario.com\/index.php\/wp-json\/wp\/v2\/users\/3"}],"replies":[{"embeddable":true,"href":"https:\/\/www.actualidadadiario.com\/index.php\/wp-json\/wp\/v2\/comments?post=123912"}],"version-history":[{"count":1,"href":"https:\/\/www.actualidadadiario.com\/index.php\/wp-json\/wp\/v2\/posts\/123912\/revisions"}],"predecessor-version":[{"id":123913,"href":"https:\/\/www.actualidadadiario.com\/index.php\/wp-json\/wp\/v2\/posts\/123912\/revisions\/123913"}],"wp:featuredmedia":[{"embeddable":true,"href":"https:\/\/www.actualidadadiario.com\/index.php\/wp-json\/wp\/v2\/media\/120570"}],"wp:attachment":[{"href":"https:\/\/www.actualidadadiario.com\/index.php\/wp-json\/wp\/v2\/media?parent=123912"}],"wp:term":[{"taxonomy":"category","embeddable":true,"href":"https:\/\/www.actualidadadiario.com\/index.php\/wp-json\/wp\/v2\/categories?post=123912"},{"taxonomy":"post_tag","embeddable":true,"href":"https:\/\/www.actualidadadiario.com\/index.php\/wp-json\/wp\/v2\/tags?post=123912"}],"curies":[{"name":"wp","href":"https:\/\/api.w.org\/{rel}","templated":true}]}}