{"id":123907,"date":"2024-12-17T11:50:31","date_gmt":"2024-12-17T14:50:31","guid":{"rendered":"https:\/\/www.actualidadadiario.com\/?p=123907"},"modified":"2024-12-17T11:50:31","modified_gmt":"2024-12-17T14:50:31","slug":"santa-fe-denuncio-abandono-del-gobierno-y-reclamo-el-traspaso-de-dos-rutas-nacionales","status":"publish","type":"post","link":"https:\/\/www.actualidadadiario.com\/index.php\/2024\/12\/17\/santa-fe-denuncio-abandono-del-gobierno-y-reclamo-el-traspaso-de-dos-rutas-nacionales\/","title":{"rendered":"Santa Fe denunci\u00f3 abandono del Gobierno y reclam\u00f3 el traspaso de dos rutas nacionales"},"content":{"rendered":"<p style=\"text-align: center;\"><em><strong>Se trata de las arterias 11 y 34, que ya contabilizan 60 v\u00edctimas fatales en lo que va del a\u00f1o. &#8220;Para el gobierno de Milei, las rutas nacionales no existen, no les importa&#8221;, lanzaron desde la provincia<\/strong><\/em><\/p>\n<p>&nbsp;<\/p>\n<p>&nbsp;<\/p>\n<p>El ministro de Obras P\u00fablicas de Santa Fe, Lisandro Enrico, manifest\u00f3 la preocupaci\u00f3n por la falta de respuesta de Naci\u00f3n al prolongado reclamo que la provincia realiza por la falta de mantenimiento y el mal estado de las rutas nacionales, y afirm\u00f3 que \u201cpara Gobierno central las rutas nacionales no existen, no les importa, no les interesan. La situaci\u00f3n es insostenible\u201d.<\/p>\n<p>\u201cPara el Gobierno de Milei las rutas nacionales no existen, no les importa, no les interesan. La situaci\u00f3n es insostenible\u201d, coment\u00f3 el funcionario. Un informe elaborado por la Agencia Provincial de Seguridad Vial revel\u00f3 que 60 personas fallecieron en 2024 en siniestros ocurridos en esas rutas nacionales.<\/p>\n<p>Al respecto, Almir\u00f3n enumer\u00f3 que \u201cno cortan el pasto, no tapan los pozos, no tienen proyectos, cambian las cosas todo el tiempo, y pol\u00edticamente nadie pone la cara. La naci\u00f3n cobra impuestos, IVA, Ganancias, no saca las retenciones, pero no pone un peso en las rutas. Esa es la realidad: nadie habla de rutas nacionales porque es un tema que est\u00e1 en el interior y este es un gobierno que tiene una mirada muy porte\u00f1a, es una porte\u00f1ocracia, y la verdad es que no les importa\u201d.<\/p>\n<p>Paralelamente, record\u00f3 que el gobernador Maximiliano Pullaro hab\u00eda solicitado transfieran las rutas a la Provincia &#8220;si no las iban a reparar\u201d.<\/p>\n<p>&nbsp;<\/p>\n<p><strong>Sesenta v\u00edctimas fatales en ambas rutas<\/strong><\/p>\n<p>Seg\u00fan un informe elaborado por la Agencia Provincial de Seguridad Vial revel\u00f3 que en la RN 11 murieron 30 personas en lo que va del a\u00f1o.<\/p>\n<p>La mayor\u00eda de los hechos ocurrieron en el tramo centro- norte de la ruta (76%), con un porcentaje alto (67%) de los fallecidos con edades de entre 20 y 50 a\u00f1os. Por su parte, en la RN 34 perdieron la vida 30 personas. La mayor cantidad de siniestros sucedieron en el tramo central de la ruta (62%), la mayor\u00eda de las v\u00edctimas ten\u00edan entre 20 y 40 a\u00f1os (45%) y las colisiones fueron principalmente contra camiones (16 fallecidos).<\/p>\n<p>El ministro Enrico se refiri\u00f3 a los accidentes fatales y dijo que \u201cen las rutas hay muertos y lamentablemente va a seguir habiendo, pero a Naci\u00f3n no le importa. Les mando mensajes a los de Vialidad, les digo que hubo otro muerto. Creo que si ese muerto fuera en Capital Federal, el Obelisco o en la General Paz, ah\u00ed invertir\u00edan para evitarlo, porque para Buenos Aires hay recursos pero para el interior no\u201d.<\/p>\n<p>En ese sentido, el ministro reconoci\u00f3 que \u201cel deterioro de la infraestructura vial es tan grande que andar un d\u00eda de lluvia en las rutas nacionales que atraviesan la provincia es peligros\u00edsimo. Nosotros tambi\u00e9n tenemos rutas provinciales en mal estado, pero al menos tenemos un plan, estamos sobre el tema. Pero a la Naci\u00f3n no le importa, es gente que viaja en avi\u00f3n por el mundo, es muy dif\u00edcil que entiendan el problema\u201d.<\/p>\n<p>Record\u00f3, adem\u00e1s, que \u201cdesde la provincia le hemos dado asfalto a Naci\u00f3n para que repare sus pozos, en la (ruta) 11, en la 34, en la 168. Son 2.700 kil\u00f3metros de rutas nacionales que hay en Santa Fe&#8221;.<\/p>\n<p>&#8220;Le damos asfalto, les pedimos que nos den las rutas y no pedimos nada a cambio. M\u00e1s no podemos hacer\u201d. Debido a la gravedad de la situaci\u00f3n, Enrico mencion\u00f3 que \u201cel gobernador analiz\u00f3 la posibilidad de ir a la Corte Suprema de Justicia por esto, porque es insostenible lo que est\u00e1 pasando. Lo analizamos, lo hablamos, no nos gusta, pero alguien de la Naci\u00f3n tiene que poner la cara por esto\u201d.<\/p>\n<p>&nbsp;<\/p>\n<p><strong>Licitaciones<\/strong><\/p>\n<p>Por otro lado, Lisandro Enrico hizo menci\u00f3n al inicio de un plan de licitaciones para diferentes tareas de mantenimiento en banquinas de rutas santafesinas: \u201cNosotros tenemos en la provincia 9.800 km de banquinas -solamente estamos hablando rutas provinciales, sacando la autopista, que tiene un esquema de mantenimiento-&#8220;.<\/p>\n<p>&#8220;Entonces dividimos el territorio santafesino en 25 zonas, y sacamos a licitaci\u00f3n todas las zonas juntas para hacer un esquema de corte, mantenimiento, calzada de banquina y destronque en todas las rutas provinciales. Todos los d\u00edas estamos haciendo tres o cuatro licitaciones, hasta llegar a las 25. Ese es el plan que queremos poner en marcha para el verano\u201d, concluy\u00f3.<\/p>\n","protected":false},"excerpt":{"rendered":"<p>Se trata de las arterias 11 y 34, que ya contabilizan 60 v\u00edctimas fatales en lo que va del a\u00f1o. &#8220;Para el gobierno de Milei, las rutas nacionales no existen, no les importa&#8221;, lanzaron desde la provincia &nbsp; &nbsp; El ministro de Obras P\u00fablicas de Santa Fe, Lisandro Enrico, manifest\u00f3 la preocupaci\u00f3n por la falta de respuesta de Naci\u00f3n al prolongado reclamo que la provincia realiza por la falta de mantenimiento y el mal estado de las rutas nacionales, y afirm\u00f3 que \u201cpara Gobierno central las rutas nacionales no existen,&#8230;<\/p>\n","protected":false},"author":3,"featured_media":123908,"comment_status":"closed","ping_status":"closed","sticky":false,"template":"","format":"standard","meta":[],"categories":[2],"tags":[],"_links":{"self":[{"href":"https:\/\/www.actualidadadiario.com\/index.php\/wp-json\/wp\/v2\/posts\/123907"}],"collection":[{"href":"https:\/\/www.actualidadadiario.com\/index.php\/wp-json\/wp\/v2\/posts"}],"about":[{"href":"https:\/\/www.actualidadadiario.com\/index.php\/wp-json\/wp\/v2\/types\/post"}],"author":[{"embeddable":true,"href":"https:\/\/www.actualidadadiario.com\/index.php\/wp-json\/wp\/v2\/users\/3"}],"replies":[{"embeddable":true,"href":"https:\/\/www.actualidadadiario.com\/index.php\/wp-json\/wp\/v2\/comments?post=123907"}],"version-history":[{"count":1,"href":"https:\/\/www.actualidadadiario.com\/index.php\/wp-json\/wp\/v2\/posts\/123907\/revisions"}],"predecessor-version":[{"id":123909,"href":"https:\/\/www.actualidadadiario.com\/index.php\/wp-json\/wp\/v2\/posts\/123907\/revisions\/123909"}],"wp:featuredmedia":[{"embeddable":true,"href":"https:\/\/www.actualidadadiario.com\/index.php\/wp-json\/wp\/v2\/media\/123908"}],"wp:attachment":[{"href":"https:\/\/www.actualidadadiario.com\/index.php\/wp-json\/wp\/v2\/media?parent=123907"}],"wp:term":[{"taxonomy":"category","embeddable":true,"href":"https:\/\/www.actualidadadiario.com\/index.php\/wp-json\/wp\/v2\/categories?post=123907"},{"taxonomy":"post_tag","embeddable":true,"href":"https:\/\/www.actualidadadiario.com\/index.php\/wp-json\/wp\/v2\/tags?post=123907"}],"curies":[{"name":"wp","href":"https:\/\/api.w.org\/{rel}","templated":true}]}}