{"id":123903,"date":"2024-12-17T11:46:14","date_gmt":"2024-12-17T14:46:14","guid":{"rendered":"https:\/\/www.actualidadadiario.com\/?p=123903"},"modified":"2024-12-17T11:46:14","modified_gmt":"2024-12-17T14:46:14","slug":"farmaceuticos-alertan-sobre-la-desregulacion-de-medicamentos","status":"publish","type":"post","link":"https:\/\/www.actualidadadiario.com\/index.php\/2024\/12\/17\/farmaceuticos-alertan-sobre-la-desregulacion-de-medicamentos\/","title":{"rendered":"Farmac\u00e9uticos alertan sobre la desregulaci\u00f3n de medicamentos"},"content":{"rendered":"<p style=\"text-align: center;\"><em><strong>La COFA advierte sobre el desconocimiento y los peligros que implica la desregulaci\u00f3n de medicamentos. Ricardo Pesenti pide frenar las medidas y aplicar controles para proteger la salud de la poblaci\u00f3n<\/strong><\/em><\/p>\n<p>&nbsp;<\/p>\n<p>&nbsp;<\/p>\n<p>La Confederaci\u00f3n Farmac\u00e9utica Argentina (COFA) lanz\u00f3 una fuerte advertencia sobre los peligros que conlleva la desregulaci\u00f3n en la venta de medicamentos de venta libre. Su presidente, Ricardo Pesenti, manifest\u00f3 que esta medida refleja un alto nivel de desconocimiento y que podr\u00eda perjudicar la salud de la poblaci\u00f3n.<\/p>\n<p>Pesenti explic\u00f3 que la desregulaci\u00f3n no es una soluci\u00f3n en todos los casos, ya que tiene un claro antecedente en la d\u00e9cada del 90. \u201cCon el solo objetivo de que haya mayor competencia de precios o accesibilidad, quiz\u00e1s se est\u00e1n tomando medidas que no corresponden para la salud de la gente\u201d, enfatiz\u00f3 el presidente de COFA.<\/p>\n<p>Adem\u00e1s, alert\u00f3 sobre el riesgo para la poblaci\u00f3n si no se implementan controles adecuados: \u201cCuando hay alg\u00fan problema en el sector, cualquier producto que Anmat identifica como inseguro es retirado del mercado, pero si el producto llega al kiosco o cualquier otro punto de venta sin control, el consumidor no se enterar\u00e1 y podr\u00eda haber consecuencias graves para la salud\u201d.<\/p>\n<p>Pesenti subray\u00f3 que las medidas actuales implican un cambio preocupante en el sector farmac\u00e9utico: \u201cSe los toma como cualquier mercanc\u00eda, cuando no lo son\u201d. Asimismo, remarc\u00f3 que estas decisiones podr\u00edan tener consecuencias en el futuro, especialmente si no se revierten a tiempo.<\/p>\n<p>El dirigente compar\u00f3 esta situaci\u00f3n con los efectos de la crisis en la d\u00e9cada del 90, cuando se tuvo que pasar un largo per\u00edodo de 15 a\u00f1os para revertir la crisis con una nueva ley. \u201cHasta que no haya pasado algo grave quiz\u00e1s no se revierten estas medidas\u201d, concluy\u00f3.<\/p>\n<p>Por \u00faltimo, el presidente de COFA inst\u00f3 al gobierno a implementar controles de inmediato: \u201cYo no creo que este Gobierno d\u00e9 marcha atr\u00e1s, pero por lo menos que ponga un freno aqu\u00ed y empiecen a haber controles\u201d.<\/p>\n","protected":false},"excerpt":{"rendered":"<p>La COFA advierte sobre el desconocimiento y los peligros que implica la desregulaci\u00f3n de medicamentos. Ricardo Pesenti pide frenar las medidas y aplicar controles para proteger la salud de la poblaci\u00f3n &nbsp; &nbsp; La Confederaci\u00f3n Farmac\u00e9utica Argentina (COFA) lanz\u00f3 una fuerte advertencia sobre los peligros que conlleva la desregulaci\u00f3n en la venta de medicamentos de venta libre. Su presidente, Ricardo Pesenti, manifest\u00f3 que esta medida refleja un alto nivel de desconocimiento y que podr\u00eda perjudicar la salud de la poblaci\u00f3n. Pesenti explic\u00f3 que la desregulaci\u00f3n no es una soluci\u00f3n en&#8230;<\/p>\n","protected":false},"author":3,"featured_media":104700,"comment_status":"closed","ping_status":"closed","sticky":false,"template":"","format":"standard","meta":[],"categories":[2],"tags":[],"_links":{"self":[{"href":"https:\/\/www.actualidadadiario.com\/index.php\/wp-json\/wp\/v2\/posts\/123903"}],"collection":[{"href":"https:\/\/www.actualidadadiario.com\/index.php\/wp-json\/wp\/v2\/posts"}],"about":[{"href":"https:\/\/www.actualidadadiario.com\/index.php\/wp-json\/wp\/v2\/types\/post"}],"author":[{"embeddable":true,"href":"https:\/\/www.actualidadadiario.com\/index.php\/wp-json\/wp\/v2\/users\/3"}],"replies":[{"embeddable":true,"href":"https:\/\/www.actualidadadiario.com\/index.php\/wp-json\/wp\/v2\/comments?post=123903"}],"version-history":[{"count":1,"href":"https:\/\/www.actualidadadiario.com\/index.php\/wp-json\/wp\/v2\/posts\/123903\/revisions"}],"predecessor-version":[{"id":123904,"href":"https:\/\/www.actualidadadiario.com\/index.php\/wp-json\/wp\/v2\/posts\/123903\/revisions\/123904"}],"wp:featuredmedia":[{"embeddable":true,"href":"https:\/\/www.actualidadadiario.com\/index.php\/wp-json\/wp\/v2\/media\/104700"}],"wp:attachment":[{"href":"https:\/\/www.actualidadadiario.com\/index.php\/wp-json\/wp\/v2\/media?parent=123903"}],"wp:term":[{"taxonomy":"category","embeddable":true,"href":"https:\/\/www.actualidadadiario.com\/index.php\/wp-json\/wp\/v2\/categories?post=123903"},{"taxonomy":"post_tag","embeddable":true,"href":"https:\/\/www.actualidadadiario.com\/index.php\/wp-json\/wp\/v2\/tags?post=123903"}],"curies":[{"name":"wp","href":"https:\/\/api.w.org\/{rel}","templated":true}]}}