{"id":123901,"date":"2024-12-17T11:45:13","date_gmt":"2024-12-17T14:45:13","guid":{"rendered":"https:\/\/www.actualidadadiario.com\/?p=123901"},"modified":"2024-12-17T11:45:13","modified_gmt":"2024-12-17T14:45:13","slug":"el-consumo-masivo-desacelero-su-caida-pero-bajo-20-en-noviembre","status":"publish","type":"post","link":"https:\/\/www.actualidadadiario.com\/index.php\/2024\/12\/17\/el-consumo-masivo-desacelero-su-caida-pero-bajo-20-en-noviembre\/","title":{"rendered":"El consumo masivo desaceler\u00f3 su ca\u00edda pero baj\u00f3 20% en noviembre"},"content":{"rendered":"<p style=\"text-align: center;\"><em><strong>Las ventas de los autoservicios acumularon una contracci\u00f3n del 13,5% en lo que va del a\u00f1o<\/strong><\/em><\/p>\n<p>&nbsp;<\/p>\n<p>&nbsp;<\/p>\n<p>En noviembre las ventas de productos de consumo masivo cayeron un 20% en la comparaci\u00f3n interanual, sumando once meses a la baja en la medici\u00f3n respecto a 2023, y totalizando una retracci\u00f3n del 13,5% para lo que va del a\u00f1o. Con todo, la retracci\u00f3n en el consumo sufri\u00f3 una leve disminuci\u00f3n para el mes relevado en relaci\u00f3n a octubre, que a su vez hab\u00eda mostrado una leve mejora en relaci\u00f3n a septiembre, en una se\u00f1al demasiado incipiente para hablar de reactivaci\u00f3n, pero en la que por segunda vez consecutiva se corta la recha negativa en la comparaci\u00f3n intermensual.<\/p>\n<p>Los datos corresponden a la consultora Scentia, que audita cerca de 300 categor\u00edas de consumo masivo en m\u00e1s de 7.000 puntos de venta pertenecientes a grandes cadenas de supermercados y autoservicios de todas las regiones del pa\u00eds.<\/p>\n<p>De esta forma, es necesario remontarse al \u00faltimo mes del a\u00f1o pasado para observar un aumento interanual en el consumo, que igualmente fue de solo el 1,4%, aun cuando 2023 termin\u00f3 en signo positivo con una suba del 2,4%, en contraste con la fort\u00edsima ca\u00edda de este a\u00f1o del 13,5%.<\/p>\n<p>El titular de Scentia, Osvaldo del Rio, se\u00f1al\u00f3 que para el mes informado &#8220;se mantiene la l\u00ednea de lo que vimos en octubre, y solo se nota una muy leve desaceleraci\u00f3n de 0,4 por ciento, mientras que el canal Supermercados se muestra algo m\u00e1s desacelerado en la retracci\u00f3n que los negocios de barrio&#8221;, a\u00f1adiendo que &#8220;el \u00edndice mensual de ca\u00edda de noviembre se encuentra entre los m\u00e1s altos que vimos, aunque la comparaci\u00f3n es con una base exagerada de 2023, ya que entre septiembre y noviembre se infl\u00f3 el consumo por el plan &#8216;platita'&#8221;. Asimismo, se\u00f1al\u00f3 que &#8220;el precio promedio ponderado, que acumula un 116% de incremento, se ve muy alineado al IPC&#8221;, que para estos once meses acumula un 112%.<\/p>\n<p>El informe de Scentia agreg\u00f3 que en el desglose entre cadenas de supermercados y autoservicios, la ca\u00edda interanual de noviembre fue sensiblemente diferente entre ambos, pues mientras que en los primeros las ventas bajaron un 17,4%, en los segundos llegaron a un 22,6%. Asimismo, inform\u00f3 que el rubro con mayor ca\u00edda fueron las bebidas alcoh\u00f3licas, con una retracci\u00f3n interanual del 19,2%, seguidas por consumos &#8220;impulsivos&#8221; (18,6%), las bebidas sin alcohol (17,5%), los elementos de higiene y cosm\u00e9tica (16,6%) de limpieza de ropa y hogar (13,2%), los productos generales de alimentaci\u00f3n (9,1%), y los perecederos (8,7%).<\/p>\n<p>La ca\u00edda en las ventas de las grandes cadenas y autoservicios se replicaron, aunque con menor profundidad, en los almacenes de barrio y peque\u00f1as cadenas del interior del pa\u00eds, que de acuerdo a Radar Scanntech cayeron en noviembre un 11,9% interanual.<\/p>\n<p>El vicepresidente de Confederaci\u00f3n General Almacenera Nacional, Fernando Savore, se\u00f1al\u00f3: &#8220;Tras los muy dif\u00edciles meses de comienzo de a\u00f1o, con muy fuerte inflaci\u00f3n y ca\u00edda de ventas, evaluamos que a partir de noviembre tuvimos una recuperaci\u00f3n en las ventas de entre 5 y 7 puntos en comercios de proximidad, debido a la retracci\u00f3n de los precios&#8221;.<\/p>\n<p>En este sentido, especifica que el aumento de los l\u00e1cteos, que lleg\u00f3 al 90% en el a\u00f1o y produjo una ca\u00edda de ventas del 20%, se fren\u00f3 en los \u00faltimos meses, dando como ejemplo el queso crema, que alcanz\u00f3 los $4.100 y hoy lo venden por $3.100, resaltando tambi\u00e9n que han podido elaborar una \u201cpeque\u00f1a canasta navide\u00f1a por solo $5.000\u201d.<\/p>\n<p>Lo cierto es que la ca\u00edda en el consumo anual es la tercera mayor de este siglo, luego de la pandemia en 2020 (21%) y la megacrisis de 2002 (22%). Seg\u00fan se desprende del \u00faltimo informe del Instituto de Pensamiento y Pol\u00edticas P\u00fablicas (IPYPP), la misma est\u00e1 estrechamente ligada a la pol\u00edtica de recorte del gasto p\u00fablico, que en relaci\u00f3n a los ingresos de la poblaci\u00f3n tuvo como centro a las jubilaciones y pensiones, con una reducci\u00f3n real del 15,9% interanual, las Asignaciones Familiares, con una baja del 18,8% en t\u00e9rminos reales, y los salarios p\u00fablicos, que tuvieron una p\u00e9rdida real estimada del 20,2%. Asimismo, seg\u00fan el mismo IPYPP la reducci\u00f3n en los subsidios para las tarifas de servicios fue del 34,2% interanual, lo que llev\u00f3 a que muchos argentinos deriven una mayor parte de sus ingresos hacia el pago de las mismas en lugar del consumo masivo.<\/p>\n","protected":false},"excerpt":{"rendered":"<p>Las ventas de los autoservicios acumularon una contracci\u00f3n del 13,5% en lo que va del a\u00f1o &nbsp; &nbsp; En noviembre las ventas de productos de consumo masivo cayeron un 20% en la comparaci\u00f3n interanual, sumando once meses a la baja en la medici\u00f3n respecto a 2023, y totalizando una retracci\u00f3n del 13,5% para lo que va del a\u00f1o. Con todo, la retracci\u00f3n en el consumo sufri\u00f3 una leve disminuci\u00f3n para el mes relevado en relaci\u00f3n a octubre, que a su vez hab\u00eda mostrado una leve mejora en relaci\u00f3n a septiembre,&#8230;<\/p>\n","protected":false},"author":3,"featured_media":117402,"comment_status":"closed","ping_status":"closed","sticky":false,"template":"","format":"standard","meta":[],"categories":[2],"tags":[],"_links":{"self":[{"href":"https:\/\/www.actualidadadiario.com\/index.php\/wp-json\/wp\/v2\/posts\/123901"}],"collection":[{"href":"https:\/\/www.actualidadadiario.com\/index.php\/wp-json\/wp\/v2\/posts"}],"about":[{"href":"https:\/\/www.actualidadadiario.com\/index.php\/wp-json\/wp\/v2\/types\/post"}],"author":[{"embeddable":true,"href":"https:\/\/www.actualidadadiario.com\/index.php\/wp-json\/wp\/v2\/users\/3"}],"replies":[{"embeddable":true,"href":"https:\/\/www.actualidadadiario.com\/index.php\/wp-json\/wp\/v2\/comments?post=123901"}],"version-history":[{"count":1,"href":"https:\/\/www.actualidadadiario.com\/index.php\/wp-json\/wp\/v2\/posts\/123901\/revisions"}],"predecessor-version":[{"id":123902,"href":"https:\/\/www.actualidadadiario.com\/index.php\/wp-json\/wp\/v2\/posts\/123901\/revisions\/123902"}],"wp:featuredmedia":[{"embeddable":true,"href":"https:\/\/www.actualidadadiario.com\/index.php\/wp-json\/wp\/v2\/media\/117402"}],"wp:attachment":[{"href":"https:\/\/www.actualidadadiario.com\/index.php\/wp-json\/wp\/v2\/media?parent=123901"}],"wp:term":[{"taxonomy":"category","embeddable":true,"href":"https:\/\/www.actualidadadiario.com\/index.php\/wp-json\/wp\/v2\/categories?post=123901"},{"taxonomy":"post_tag","embeddable":true,"href":"https:\/\/www.actualidadadiario.com\/index.php\/wp-json\/wp\/v2\/tags?post=123901"}],"curies":[{"name":"wp","href":"https:\/\/api.w.org\/{rel}","templated":true}]}}