{"id":123893,"date":"2024-12-17T10:21:37","date_gmt":"2024-12-17T13:21:37","guid":{"rendered":"https:\/\/www.actualidadadiario.com\/?p=123893"},"modified":"2024-12-17T10:21:37","modified_gmt":"2024-12-17T13:21:37","slug":"el-senado-entrerriano-fue-convocado-a-sesion-especial-para-este-miercoles","status":"publish","type":"post","link":"https:\/\/www.actualidadadiario.com\/index.php\/2024\/12\/17\/el-senado-entrerriano-fue-convocado-a-sesion-especial-para-este-miercoles\/","title":{"rendered":"El Senado entrerriano fue convocado a sesi\u00f3n especial para este mi\u00e9rcoles"},"content":{"rendered":"<p style=\"text-align: center;\"><em><strong>Los legisladores fueron citados a sesi\u00f3n especial, a las 19 horas, con el fin de dar tratamiento a diferentes proyectos. Est\u00e1 previsto que se trate el proyecto que regula el uso de agroqu\u00edmicos y el presupuesto<\/strong><\/em><\/p>\n<p>&nbsp;<\/p>\n<p>&nbsp;<\/p>\n<p>La convocatoria a sesi\u00f3n especial est\u00e1 prevista para este mi\u00e9rcoles 18 de diciembre, a las 19 horas, de conformidad al Art\u00edculo 17\u00ba y concordantes del Reglamento de la Honorable C\u00e1mara de Senadores, para dar tratamiento a los temas bajo los siguientes n\u00fameros de expedientes:<\/p>\n<ul>\n<li>Exp. N\u00b0 26117: por el que se adoptan buenas pr\u00e1cticas en materia de fitosanitarios en la Provincia de Entre R\u00edos.<\/li>\n<li>Exp. N\u00b0 27629: por el que se establece el Presupuesto General par Administraci\u00f3n para el Ejercicio 2025.<\/li>\n<li>Exp. N\u00b0 14899: por el que se crea el Programa de Apoyo a Emprendedores de la Programaci\u00f3n y Rob\u00f3tica.<\/li>\n<li>Exp. N\u00b0 15037: por el que se regula la actividad de personas humanas y jur\u00eddicas vinculadas a los metales no ferrosos.<\/li>\n<li>Exp. N\u00b0 27338: por el que se establecieron los criterios generales para la instalaci\u00f3n de Estructuras Soporte de Sistemas de Radiocomunicaciones e Infraestructuras Relacionadas.<\/li>\n<li>Exp. N\u00b0 15055: por el que se solicita prestar el acuerdo que establece el art 103 inciso 2 de la Constituci\u00f3n Provincial para el nombramiento del Dr. BUDASOFF Mariano, para la cobertura de UN (1) cargo de Juez de Garant\u00eda N\u00b0 7 de la ciudad de Paran\u00e1.<\/li>\n<li>Exp. N\u00b0 15056: por el que se solicita prestar el acuerdo que establece el art\u00edculo 103 inciso 2 de la Constituci\u00f3n Provincial para el nombramiento del Dr. ZOFF, Pablo Nicol\u00e1s, para la cobertura de UN (1) cargo de Juez de Garant\u00eda N\u00b0 8 de la ciudad de Paran\u00e1.<\/li>\n<li>Exp. N\u00b0 15057: por el que se solicita prestar el acuerdo que establece el art\u00edculo 103 inciso 2 de la Constituci\u00f3n Provincial para el nombramiento del Dr. GUERRERO, Mauricio Javier, para la cobertura de ONU (1) cargo de Juez de Garant\u00eda N\u00b01 de la ciudad de Concordia.<\/li>\n<li>Exp. N\u00b0 15059: por el que se solicita prestar el acuerdo que establece el art\u00edculo 103 inciso 2 de la Constituci\u00f3n Provincial para el nombramiento de la Dra. SERO, Mar\u00eda Gabriela, para la cobertura de UN (1) cargo de Juez de Garant\u00eda N\u00b04 de la ciudad de Concordia.<\/li>\n<li>Exp. N\u00b0 15058: por el que se solicita prestar el acuerdo que establece el art\u00edculo 103 inciso 2 de la Constituci\u00f3n Provincial para el nombramiento del Dr. LEDESMA, Francisco Rafael, para la cobertura de ONU (1) cargo de Juez de Garant\u00eda N\u00b03 de la ciudad de Concordia.<\/li>\n<li>Exp. N\u00b0 15062: por el que se solicita prestar el acuerdo que establece el art\u00edculo 103 inciso 2 de la Constituci\u00f3n Provincial para el nombramiento de la Dra BENEDETTI, Nadia Paola, para la cobertura de UN (1) cargo de Juez de Garant\u00eda y Transici\u00f3n de la ciudad de Villaguay.<\/li>\n<li>Exp. N\u00b0 15078: por el que se solicita prestar el acuerdo que establece el art\u00edculo 103 inciso 2 de la Constituci\u00f3n Provincial para el nombramiento del Dr. ROSSI, Oscar Eduardo, para la cobertura de ONU (1) cargo de Juez de Garant\u00eda y Transici\u00f3n de la ciudad de Nogoy\u00e1.<\/li>\n<li>Exp. N\u00b0 15110: por el que se solicita prestar el acuerdo que establece el art\u00edculo 103 inciso 2 de la Constituci\u00f3n Provincial para el nombramiento del Dr. TITO. Jorge Sebasti\u00e1n, para la cobertura de ONU (1) cargo de Defensor de Casaci\u00f3n Penal de la ciudad de Concordia.<\/li>\n<li>Exp. N\u00b0 15060: por el que se solicita prestar el acuerdo que establece el art\u00edculo 103 inciso 2 de la Constituci\u00f3n Provincial para el nombramiento del Dr. PENAYO AMAYA, Jes\u00fas David Alexis, para la cobertura de ONU (1) cargo de Juez de Garant\u00eda y Transici\u00f3n de la ciudad de Col\u00f3n.<\/li>\n<li>Exp. N\u00ba 14523: por el que se deroga la Ley N\u00b0 7.897 y se establece el marco regulatorio del Colegio de Licenciadas y Licenciados en Obstetricia de Entre R\u00edos.<\/li>\n<li>Exp. N\u00b0 27809: por el que se prorrogan la Leyes Provinciales N\u00b0 11.138 y 11.144 hasta el 31 de diciembre de 2025 (Emergencia P\u00fablica Econ\u00f3mica y Financiera en materia de Obras y Servicios P\u00fablicos y Emergencia de la estructura vial respectivamente).<\/li>\n<\/ul>\n","protected":false},"excerpt":{"rendered":"<p>Los legisladores fueron citados a sesi\u00f3n especial, a las 19 horas, con el fin de dar tratamiento a diferentes proyectos. Est\u00e1 previsto que se trate el proyecto que regula el uso de agroqu\u00edmicos y el presupuesto &nbsp; &nbsp; La convocatoria a sesi\u00f3n especial est\u00e1 prevista para este mi\u00e9rcoles 18 de diciembre, a las 19 horas, de conformidad al Art\u00edculo 17\u00ba y concordantes del Reglamento de la Honorable C\u00e1mara de Senadores, para dar tratamiento a los temas bajo los siguientes n\u00fameros de expedientes: Exp. N\u00b0 26117: por el que se adoptan&#8230;<\/p>\n","protected":false},"author":3,"featured_media":123894,"comment_status":"closed","ping_status":"closed","sticky":false,"template":"","format":"standard","meta":[],"categories":[15],"tags":[],"_links":{"self":[{"href":"https:\/\/www.actualidadadiario.com\/index.php\/wp-json\/wp\/v2\/posts\/123893"}],"collection":[{"href":"https:\/\/www.actualidadadiario.com\/index.php\/wp-json\/wp\/v2\/posts"}],"about":[{"href":"https:\/\/www.actualidadadiario.com\/index.php\/wp-json\/wp\/v2\/types\/post"}],"author":[{"embeddable":true,"href":"https:\/\/www.actualidadadiario.com\/index.php\/wp-json\/wp\/v2\/users\/3"}],"replies":[{"embeddable":true,"href":"https:\/\/www.actualidadadiario.com\/index.php\/wp-json\/wp\/v2\/comments?post=123893"}],"version-history":[{"count":1,"href":"https:\/\/www.actualidadadiario.com\/index.php\/wp-json\/wp\/v2\/posts\/123893\/revisions"}],"predecessor-version":[{"id":123895,"href":"https:\/\/www.actualidadadiario.com\/index.php\/wp-json\/wp\/v2\/posts\/123893\/revisions\/123895"}],"wp:featuredmedia":[{"embeddable":true,"href":"https:\/\/www.actualidadadiario.com\/index.php\/wp-json\/wp\/v2\/media\/123894"}],"wp:attachment":[{"href":"https:\/\/www.actualidadadiario.com\/index.php\/wp-json\/wp\/v2\/media?parent=123893"}],"wp:term":[{"taxonomy":"category","embeddable":true,"href":"https:\/\/www.actualidadadiario.com\/index.php\/wp-json\/wp\/v2\/categories?post=123893"},{"taxonomy":"post_tag","embeddable":true,"href":"https:\/\/www.actualidadadiario.com\/index.php\/wp-json\/wp\/v2\/tags?post=123893"}],"curies":[{"name":"wp","href":"https:\/\/api.w.org\/{rel}","templated":true}]}}