{"id":123887,"date":"2024-12-17T10:17:40","date_gmt":"2024-12-17T13:17:40","guid":{"rendered":"https:\/\/www.actualidadadiario.com\/?p=123887"},"modified":"2024-12-17T10:17:40","modified_gmt":"2024-12-17T13:17:40","slug":"esta-semana-se-abonara-el-aguinaldo-a-trabajadores-estatales-entrerrianos","status":"publish","type":"post","link":"https:\/\/www.actualidadadiario.com\/index.php\/2024\/12\/17\/esta-semana-se-abonara-el-aguinaldo-a-trabajadores-estatales-entrerrianos\/","title":{"rendered":"Esta semana se abonar\u00e1 el aguinaldo a trabajadores estatales entrerrianos"},"content":{"rendered":"<p style=\"text-align: center;\"><em><strong>Tal y como fuera anunciado, provincia pagar\u00e1 el medio aguinaldo en una sola fecha, tanto para empleados como para jubilados de la administraci\u00f3n p\u00fablica de Entre R\u00edos<\/strong><\/em><\/p>\n<p>&nbsp;<\/p>\n<p>&nbsp;<\/p>\n<p>El Gobierno de Entre R\u00edos confirm\u00f3 que este s\u00e1bado 21 de diciembre se pagar\u00e1 el medio aguinaldo a empleados y jubilados de la administraci\u00f3n p\u00fablica provincial.<\/p>\n<p>Cabe recordar que la informaci\u00f3n fue confirmada la semana pasada por el secretario de Presupuesto y Finanzas, Uriel Brupbacher, quien tras referirse a la nueva propuesta salarial presentada a los gremios estatales a\u00f1adi\u00f3 que en el encuentro \u00abanunciamos el pago del medio aguinaldo para activos y pasivos en un solo tramo\u00bb.<\/p>\n<p>En la oportunidad, agreg\u00f3 adem\u00e1s que \u00abes un esfuerzo importante para las arcas de la provincia pero quer\u00edamos cumplir nuestro compromiso en tiempo y forma\u00bb.<\/p>\n","protected":false},"excerpt":{"rendered":"<p>Tal y como fuera anunciado, provincia pagar\u00e1 el medio aguinaldo en una sola fecha, tanto para empleados como para jubilados de la administraci\u00f3n p\u00fablica de Entre R\u00edos &nbsp; &nbsp; El Gobierno de Entre R\u00edos confirm\u00f3 que este s\u00e1bado 21 de diciembre se pagar\u00e1 el medio aguinaldo a empleados y jubilados de la administraci\u00f3n p\u00fablica provincial. Cabe recordar que la informaci\u00f3n fue confirmada la semana pasada por el secretario de Presupuesto y Finanzas, Uriel Brupbacher, quien tras referirse a la nueva propuesta salarial presentada a los gremios estatales a\u00f1adi\u00f3 que en&#8230;<\/p>\n","protected":false},"author":3,"featured_media":123066,"comment_status":"closed","ping_status":"closed","sticky":false,"template":"","format":"standard","meta":[],"categories":[15],"tags":[],"_links":{"self":[{"href":"https:\/\/www.actualidadadiario.com\/index.php\/wp-json\/wp\/v2\/posts\/123887"}],"collection":[{"href":"https:\/\/www.actualidadadiario.com\/index.php\/wp-json\/wp\/v2\/posts"}],"about":[{"href":"https:\/\/www.actualidadadiario.com\/index.php\/wp-json\/wp\/v2\/types\/post"}],"author":[{"embeddable":true,"href":"https:\/\/www.actualidadadiario.com\/index.php\/wp-json\/wp\/v2\/users\/3"}],"replies":[{"embeddable":true,"href":"https:\/\/www.actualidadadiario.com\/index.php\/wp-json\/wp\/v2\/comments?post=123887"}],"version-history":[{"count":1,"href":"https:\/\/www.actualidadadiario.com\/index.php\/wp-json\/wp\/v2\/posts\/123887\/revisions"}],"predecessor-version":[{"id":123888,"href":"https:\/\/www.actualidadadiario.com\/index.php\/wp-json\/wp\/v2\/posts\/123887\/revisions\/123888"}],"wp:featuredmedia":[{"embeddable":true,"href":"https:\/\/www.actualidadadiario.com\/index.php\/wp-json\/wp\/v2\/media\/123066"}],"wp:attachment":[{"href":"https:\/\/www.actualidadadiario.com\/index.php\/wp-json\/wp\/v2\/media?parent=123887"}],"wp:term":[{"taxonomy":"category","embeddable":true,"href":"https:\/\/www.actualidadadiario.com\/index.php\/wp-json\/wp\/v2\/categories?post=123887"},{"taxonomy":"post_tag","embeddable":true,"href":"https:\/\/www.actualidadadiario.com\/index.php\/wp-json\/wp\/v2\/tags?post=123887"}],"curies":[{"name":"wp","href":"https:\/\/api.w.org\/{rel}","templated":true}]}}