{"id":123885,"date":"2024-12-17T10:16:27","date_gmt":"2024-12-17T13:16:27","guid":{"rendered":"https:\/\/www.actualidadadiario.com\/?p=123885"},"modified":"2024-12-17T10:16:27","modified_gmt":"2024-12-17T13:16:27","slug":"las-clases-comenzaran-el-24-de-febrero-con-un-calendario-de-190-dias","status":"publish","type":"post","link":"https:\/\/www.actualidadadiario.com\/index.php\/2024\/12\/17\/las-clases-comenzaran-el-24-de-febrero-con-un-calendario-de-190-dias\/","title":{"rendered":"Las clases comenzar\u00e1n el 24 de febrero con un calendario de 190 d\u00edas"},"content":{"rendered":"<p style=\"text-align: center;\"><em><strong>El Consejo General de Educaci\u00f3n (CGE) aprob\u00f3 por resoluci\u00f3n N\u00ba 4.240 el Calendario Escolar 2025, estableciendo que en Entre R\u00edos las clases comenzar\u00e1n el 24 de febrero y finalizar\u00e1n el 23 de diciembre, con un calendario de 190 d\u00edas de clases<\/strong><\/em><\/p>\n<p>&nbsp;<\/p>\n<p>&nbsp;<\/p>\n<p>A trav\u00e9s de la resoluci\u00f3n se establece las fechas para todos los Niveles y Modalidades de la Educaci\u00f3n en Entre R\u00edos, fijando que el receso de invierno ser\u00e1 del 7 al 18 de julio.<\/p>\n<p>El 10 de febrero comenzar\u00e1n las actividades con la presentaci\u00f3n de equipos de supervisi\u00f3n y equipos directivos de todos los niveles y modalidades.<\/p>\n<p>En tanto el 11 de febrero deber\u00e1n presentarse en las escuelas los equipos docentes de todos los niveles y modalidades.<\/p>\n<p>Fijado adem\u00e1s, el 23 de diciembre la fecha de\u00a0 finalizaci\u00f3n de clases con cierre diversificado de trayectorias escolares en los niveles inicial, primario, secundario en todas sus modalidades y tipos de gesti\u00f3n.<\/p>\n","protected":false},"excerpt":{"rendered":"<p>El Consejo General de Educaci\u00f3n (CGE) aprob\u00f3 por resoluci\u00f3n N\u00ba 4.240 el Calendario Escolar 2025, estableciendo que en Entre R\u00edos las clases comenzar\u00e1n el 24 de febrero y finalizar\u00e1n el 23 de diciembre, con un calendario de 190 d\u00edas de clases &nbsp; &nbsp; A trav\u00e9s de la resoluci\u00f3n se establece las fechas para todos los Niveles y Modalidades de la Educaci\u00f3n en Entre R\u00edos, fijando que el receso de invierno ser\u00e1 del 7 al 18 de julio. El 10 de febrero comenzar\u00e1n las actividades con la presentaci\u00f3n de equipos de&#8230;<\/p>\n","protected":false},"author":3,"featured_media":110557,"comment_status":"closed","ping_status":"closed","sticky":false,"template":"","format":"standard","meta":[],"categories":[15],"tags":[],"_links":{"self":[{"href":"https:\/\/www.actualidadadiario.com\/index.php\/wp-json\/wp\/v2\/posts\/123885"}],"collection":[{"href":"https:\/\/www.actualidadadiario.com\/index.php\/wp-json\/wp\/v2\/posts"}],"about":[{"href":"https:\/\/www.actualidadadiario.com\/index.php\/wp-json\/wp\/v2\/types\/post"}],"author":[{"embeddable":true,"href":"https:\/\/www.actualidadadiario.com\/index.php\/wp-json\/wp\/v2\/users\/3"}],"replies":[{"embeddable":true,"href":"https:\/\/www.actualidadadiario.com\/index.php\/wp-json\/wp\/v2\/comments?post=123885"}],"version-history":[{"count":1,"href":"https:\/\/www.actualidadadiario.com\/index.php\/wp-json\/wp\/v2\/posts\/123885\/revisions"}],"predecessor-version":[{"id":123886,"href":"https:\/\/www.actualidadadiario.com\/index.php\/wp-json\/wp\/v2\/posts\/123885\/revisions\/123886"}],"wp:featuredmedia":[{"embeddable":true,"href":"https:\/\/www.actualidadadiario.com\/index.php\/wp-json\/wp\/v2\/media\/110557"}],"wp:attachment":[{"href":"https:\/\/www.actualidadadiario.com\/index.php\/wp-json\/wp\/v2\/media?parent=123885"}],"wp:term":[{"taxonomy":"category","embeddable":true,"href":"https:\/\/www.actualidadadiario.com\/index.php\/wp-json\/wp\/v2\/categories?post=123885"},{"taxonomy":"post_tag","embeddable":true,"href":"https:\/\/www.actualidadadiario.com\/index.php\/wp-json\/wp\/v2\/tags?post=123885"}],"curies":[{"name":"wp","href":"https:\/\/api.w.org\/{rel}","templated":true}]}}