{"id":123880,"date":"2024-12-17T10:14:35","date_gmt":"2024-12-17T13:14:35","guid":{"rendered":"https:\/\/www.actualidadadiario.com\/?p=123880"},"modified":"2024-12-17T10:14:35","modified_gmt":"2024-12-17T13:14:35","slug":"nacion-acordo-con-frigerio-el-pago-de-2-000-millones-por-la-deuda-con-la-caja-de-entre-rios","status":"publish","type":"post","link":"https:\/\/www.actualidadadiario.com\/index.php\/2024\/12\/17\/nacion-acordo-con-frigerio-el-pago-de-2-000-millones-por-la-deuda-con-la-caja-de-entre-rios\/","title":{"rendered":"Naci\u00f3n acord\u00f3 con Frigerio el pago de $2.000 millones por la deuda con la Caja de Entre R\u00edos"},"content":{"rendered":"<p style=\"text-align: center;\"><em><strong>El gobernador se reuni\u00f3 con el vicejefe de Gabinete del Interior, Lisandro Catal\u00e1n, para firmar el acuerdo que implica, adem\u00e1s, la transferencia del flujo mensual de ac\u00e1 en adelante<\/strong><\/em><\/p>\n<p>&nbsp;<\/p>\n<p>&nbsp;<\/p>\n<p>Luego de varios meses de negociaciones, el vicejefe de Gabinete del Interior, Lisandro Catal\u00e1n, acord\u00f3 con el gobernador de Entre R\u00edos, Rogelio Frigerio, el pago en concepto de anticipo de unos 2.000 millones de pesos por la deuda de la Anses con la caja previsional de su provincia y la transferencia a partir de ahora del flujo mensual que reclama para hacer frente al pago de haberes.<\/p>\n<p>El acuerdo fue firmado este lunes al mediod\u00eda, durante una reuni\u00f3n en la Casa Rosada, de la que tambi\u00e9n particip\u00f3 el titular del organismo nacional de seguridad social, Mariano de los Heros, y el Secretario de Hacienda, Carlos Guberman.<\/p>\n<p>Seg\u00fan precisaron a Infobae fuentes cercanas al mandatario provincial, la cifra en cuesti\u00f3n es solamente un adelanto a cuenta de lo que el Estado deber\u00e1 pagar una vez que finalice la auditor\u00eda que la actual gesti\u00f3n de Javier Milei orden\u00f3 que se realice para determinar el dinero que adeuda.<\/p>\n<p>A mediados de marzo \u00faltimo, la Oficial del Presidente de a Rep\u00fablica Argentina (OPRA) inform\u00f3 que se dispuso analizar los reclamos de las 13 provincias que no transfirieron sus respectivas cajas jubilatorias a la ANSeS, en ocasi\u00f3n de la reforma previsional de 1994 y que por ende reciben alg\u00fan tipo de aporte compensatorio por parte del organismo.<\/p>\n<p>Las jurisdicciones que se encuentran en esta situaci\u00f3n son Buenos Aires, Chaco, Chubut, C\u00f3rdoba, Corrientes, Entre R\u00edos, Formosa, La Pampa, Misiones, Neuqu\u00e9n, Santa Cruz, Santa Fe y Tierra del Fuego, que desde ese momento vienen reclamando el pago de la deuda, que se fue haciendo m\u00e1s grande cada a\u00f1o.<\/p>\n<p>\u201cEl cr\u00e9dito presupuestario contemplado en la ley de Presupuesto para las transferencias a las cajas previsionales provinciales de la Administraci\u00f3n Nacional de Seguridad Social (ANSES) no ha sido eliminado\u201d, asegur\u00f3 la OPRA en un comunicado.<\/p>\n<p>En esa oportunidad, se aclar\u00f3 que los distritos tambi\u00e9n tienen deudas de diferente tipo con la Casa Rosada, por lo que \u201cuna vez culminado el proceso de auditor\u00eda que se est\u00e1 llevando a cabo\u201d, el Estado Nacional \u201ccumplir\u00e1 en abonar los montos que correspondan\u201d.<\/p>\n<p>El conflicto hab\u00eda surgido por la publicaci\u00f3n en el Bolet\u00edn Oficial del Decreto 280\/24, que modific\u00f3 el Presupuesto para el ejercicio de este a\u00f1o y, seg\u00fan algunos gobernadores, no ten\u00eda previsto el pago del flujo de las cajas previsionales.<\/p>\n<p>De hecho, el mandatario de Chubut, Ignacio \u201cNacho\u201d Torres, cuestion\u00f3 abiertamente la medida y asegur\u00f3 que iba a \u201cjudicializar\u201d el reclamo, ya que \u201chay una ley que obliga al Gobierno a hacer esas transferencias\u201d que, a su entender, no se estaban enviando.<\/p>\n<p>\u201cVen\u00edamos hablando con la ANSeS sobre una estrategia conjunta para armonizar la Caja. Veremos el jueves cu\u00e1l es la respuesta. Chubut no es el caso m\u00e1s representativo, hay provincias como C\u00f3rdoba y R\u00edo Negro que tienen reclamos m\u00e1s importantes. Hay una ley que, en todo caso, deber\u00eda derogarse, que obliga al Estado Nacional a cubrir ese dinero. Es dinero de los jubilados, no es para rentas o para el Tesoro de las provincias\u201d, remarc\u00f3 en ese entonces.<\/p>\n<p>De acuerdo con lo que detallaron en el entorno de Frigerio, los 2 mil millones de pesos que se transferir\u00e1n pr\u00f3ximamente \u201ces poco\u201d, teniendo en cuenta a cifra total que se pide, aunque se trata de \u201cun gesto simb\u00f3lico\u201d, en el marco de este conflicto.<\/p>\n<p>El monto del adelanto fue determinado entre las partes sobre la base de los resultados obtenidos hasta ahora por la auditor\u00eda, a la espera de que el Poder Ejecutivo Nacional finalice el trabajo y confirme cu\u00e1nto le adeuda en total a Entre R\u00edos.<\/p>\n<p>Por su parte, las autoridades nacionales indicaron que el acuerdo fue fruto de las negociaciones que vienen llevando desde hace meses y que se intentar\u00e1 arribar a un consenso similar con el resto de los gobernadores involucrados, pero siempre respetando el principio de \u201cd\u00e9ficit cero\u201d que impuso Milei.<\/p>\n","protected":false},"excerpt":{"rendered":"<p>El gobernador se reuni\u00f3 con el vicejefe de Gabinete del Interior, Lisandro Catal\u00e1n, para firmar el acuerdo que implica, adem\u00e1s, la transferencia del flujo mensual de ac\u00e1 en adelante &nbsp; &nbsp; Luego de varios meses de negociaciones, el vicejefe de Gabinete del Interior, Lisandro Catal\u00e1n, acord\u00f3 con el gobernador de Entre R\u00edos, Rogelio Frigerio, el pago en concepto de anticipo de unos 2.000 millones de pesos por la deuda de la Anses con la caja previsional de su provincia y la transferencia a partir de ahora del flujo mensual que&#8230;<\/p>\n","protected":false},"author":3,"featured_media":123881,"comment_status":"closed","ping_status":"closed","sticky":false,"template":"","format":"standard","meta":[],"categories":[9],"tags":[],"_links":{"self":[{"href":"https:\/\/www.actualidadadiario.com\/index.php\/wp-json\/wp\/v2\/posts\/123880"}],"collection":[{"href":"https:\/\/www.actualidadadiario.com\/index.php\/wp-json\/wp\/v2\/posts"}],"about":[{"href":"https:\/\/www.actualidadadiario.com\/index.php\/wp-json\/wp\/v2\/types\/post"}],"author":[{"embeddable":true,"href":"https:\/\/www.actualidadadiario.com\/index.php\/wp-json\/wp\/v2\/users\/3"}],"replies":[{"embeddable":true,"href":"https:\/\/www.actualidadadiario.com\/index.php\/wp-json\/wp\/v2\/comments?post=123880"}],"version-history":[{"count":1,"href":"https:\/\/www.actualidadadiario.com\/index.php\/wp-json\/wp\/v2\/posts\/123880\/revisions"}],"predecessor-version":[{"id":123882,"href":"https:\/\/www.actualidadadiario.com\/index.php\/wp-json\/wp\/v2\/posts\/123880\/revisions\/123882"}],"wp:featuredmedia":[{"embeddable":true,"href":"https:\/\/www.actualidadadiario.com\/index.php\/wp-json\/wp\/v2\/media\/123881"}],"wp:attachment":[{"href":"https:\/\/www.actualidadadiario.com\/index.php\/wp-json\/wp\/v2\/media?parent=123880"}],"wp:term":[{"taxonomy":"category","embeddable":true,"href":"https:\/\/www.actualidadadiario.com\/index.php\/wp-json\/wp\/v2\/categories?post=123880"},{"taxonomy":"post_tag","embeddable":true,"href":"https:\/\/www.actualidadadiario.com\/index.php\/wp-json\/wp\/v2\/tags?post=123880"}],"curies":[{"name":"wp","href":"https:\/\/api.w.org\/{rel}","templated":true}]}}