{"id":123875,"date":"2024-12-16T10:55:46","date_gmt":"2024-12-16T13:55:46","guid":{"rendered":"https:\/\/www.actualidadadiario.com\/?p=123875"},"modified":"2024-12-16T10:55:46","modified_gmt":"2024-12-16T13:55:46","slug":"el-senado-se-reune-para-abordar-presupuesto-reforma-politica-extension-de-emergencias-y-cargos-judiciales","status":"publish","type":"post","link":"https:\/\/www.actualidadadiario.com\/index.php\/2024\/12\/16\/el-senado-se-reune-para-abordar-presupuesto-reforma-politica-extension-de-emergencias-y-cargos-judiciales\/","title":{"rendered":"El Senado se re\u00fane para abordar Presupuesto, reforma pol\u00edtica, extensi\u00f3n de emergencias y cargos judiciales"},"content":{"rendered":"<p style=\"text-align: center;\"><em><strong>Esta semana sigue el debate y tratamiento de los proyectos de Presupuesto y Reforma al C\u00f3digo Electoral. Tambi\u00e9n las iniciativas por las que se prorroga la emergencia en materia de obras p\u00fablicas y de seguridad alimentaria. Asimismo, entre otras iniciativas, los legisladores analizar\u00e1n proyectos de ley que contemplan la creaci\u00f3n de cargos para la Justicia<\/strong><\/em><\/p>\n<p>&nbsp;<\/p>\n<p>&nbsp;<\/p>\n<p>Este martes a las 10 los senadores que integran la Comisi\u00f3n de Presupuesto y Hacienda se reunir\u00e1n para tratar el proyecto de ley por el que se establece el Presupuesto General para la Administraci\u00f3n para el Ejercicio 2025.<\/p>\n<p>Adem\u00e1s, se abordar\u00e1 el proyecto de ley por el que se prorrogan la Leyes Provinciales N\u00ba11.138 y 11.144 hasta el 31 de diciembre de 2025 (Emergencia P\u00fablica Econ\u00f3mica y Financiera en materia de Obras y Servicios P\u00fablicos y Emergencia de la estructura vial, respectivamente).<\/p>\n<p>Tambi\u00e9n se tratar\u00e1 el Expediente N\u00b015.208, proyecto de ley que prorroga hasta el 31 de diciembre de 2025 el plazo de vigencia y aplicaci\u00f3n de la Ley N\u00ba11.140 por la que se declar\u00f3 el estado de emergencia p\u00fablica en materia de seguridad alimentaria en el \u00e1mbito de la Provincia de Entre R\u00edos.<\/p>\n<p>&nbsp;<\/p>\n<p><strong>Grieve en el Senado<\/strong><\/p>\n<p>Seguidamente, a las 11, est\u00e1n convocados los legisladores de la Comisi\u00f3n de Salud P\u00fablica y Drogadicci\u00f3n, para dar tratamiento al proyecto de Ley por el que se deroga la Ley N\u00ba7.897 y se establece el marco regulatorio del Colegio de Licenciadas y Licenciados en Obstetricia de Entre R\u00edos (Expediente N\u00b014.523). Para la oportunidad, fueron invitados a participar del encuentro Guillermo Grieve, ministro de Salud de Entre R\u00edos y L\u00eda Ram\u00edrez, presidenta del Colegio de Obstetras de Entre R\u00edos.<\/p>\n<p>&nbsp;<\/p>\n<p><strong>Reforma pol\u00edtica<\/strong><\/p>\n<p>En tanto, el mi\u00e9rcoles 18 a las 11 habr\u00e1 una reuni\u00f3n conjunta de las Comisiones de Asuntos Constitucionales y Acuerdos y de Legislaci\u00f3n General para tratar el proyecto de Ley por el que se modifica el C\u00f3digo Electoral de la Provincia de Entre R\u00edos. (Expediente N\u00b027.439).<\/p>\n<p>&nbsp;<\/p>\n<p><strong>Cargos en la Justicia<\/strong><\/p>\n<p>Luego, a las 12, los senadores que integran las Comisiones de Presupuesto y Hacienda y de Legislaci\u00f3n General se reunir\u00e1n en conjunto para dar tratamiento al proyecto que crea 67 cargos en la Justicia.<\/p>\n<p>Tambi\u00e9n se tratar\u00e1 el proyecto por el que se dispone la creaci\u00f3n en el \u00e1mbito del Ministerio P\u00fablico Fiscal de tres Fiscal\u00edas de Familia y Penal de Ni\u00f1os, Ni\u00f1as y adolescentes para las jurisdicciones de Concepci\u00f3n del Uruguay, Concordia y Gualeguaych\u00fa; una Fiscal\u00eda de Familia en la ciudad de Paran\u00e1; tres Fiscal\u00edas de Familia Especializadas en Violencia de G\u00e9nero, dos para la Jurisdicci\u00f3n Paran\u00e1, una para Concordia; una Fiscal\u00eda para el Juzgado de Garant\u00edas N\u00ba5 de la jurisdicci\u00f3n Concordia y Fiscal\u00edas Penales para las distintas jurisdicciones de la Provincias, todas con los correspondientes cargos de Fiscales y empleados para el funcionamiento.<\/p>\n<p>A su vez, se abordar\u00e1 una tercera iniciativa que establece la creaci\u00f3n de otros 125 cargos en el \u00e1mbito del Poder Judicial de la Provincia de Entre R\u00edos.<\/p>\n<p>Finalmente se tratar\u00e1 el proyecto por el que se modifican Art\u00edculos del C\u00f3digo Fiscal.<\/p>\n","protected":false},"excerpt":{"rendered":"<p>Esta semana sigue el debate y tratamiento de los proyectos de Presupuesto y Reforma al C\u00f3digo Electoral. Tambi\u00e9n las iniciativas por las que se prorroga la emergencia en materia de obras p\u00fablicas y de seguridad alimentaria. Asimismo, entre otras iniciativas, los legisladores analizar\u00e1n proyectos de ley que contemplan la creaci\u00f3n de cargos para la Justicia &nbsp; &nbsp; Este martes a las 10 los senadores que integran la Comisi\u00f3n de Presupuesto y Hacienda se reunir\u00e1n para tratar el proyecto de ley por el que se establece el Presupuesto General para la&#8230;<\/p>\n","protected":false},"author":3,"featured_media":122561,"comment_status":"closed","ping_status":"closed","sticky":false,"template":"","format":"standard","meta":[],"categories":[15],"tags":[],"_links":{"self":[{"href":"https:\/\/www.actualidadadiario.com\/index.php\/wp-json\/wp\/v2\/posts\/123875"}],"collection":[{"href":"https:\/\/www.actualidadadiario.com\/index.php\/wp-json\/wp\/v2\/posts"}],"about":[{"href":"https:\/\/www.actualidadadiario.com\/index.php\/wp-json\/wp\/v2\/types\/post"}],"author":[{"embeddable":true,"href":"https:\/\/www.actualidadadiario.com\/index.php\/wp-json\/wp\/v2\/users\/3"}],"replies":[{"embeddable":true,"href":"https:\/\/www.actualidadadiario.com\/index.php\/wp-json\/wp\/v2\/comments?post=123875"}],"version-history":[{"count":1,"href":"https:\/\/www.actualidadadiario.com\/index.php\/wp-json\/wp\/v2\/posts\/123875\/revisions"}],"predecessor-version":[{"id":123876,"href":"https:\/\/www.actualidadadiario.com\/index.php\/wp-json\/wp\/v2\/posts\/123875\/revisions\/123876"}],"wp:featuredmedia":[{"embeddable":true,"href":"https:\/\/www.actualidadadiario.com\/index.php\/wp-json\/wp\/v2\/media\/122561"}],"wp:attachment":[{"href":"https:\/\/www.actualidadadiario.com\/index.php\/wp-json\/wp\/v2\/media?parent=123875"}],"wp:term":[{"taxonomy":"category","embeddable":true,"href":"https:\/\/www.actualidadadiario.com\/index.php\/wp-json\/wp\/v2\/categories?post=123875"},{"taxonomy":"post_tag","embeddable":true,"href":"https:\/\/www.actualidadadiario.com\/index.php\/wp-json\/wp\/v2\/tags?post=123875"}],"curies":[{"name":"wp","href":"https:\/\/api.w.org\/{rel}","templated":true}]}}