{"id":123871,"date":"2024-12-16T10:17:07","date_gmt":"2024-12-16T13:17:07","guid":{"rendered":"https:\/\/www.actualidadadiario.com\/?p=123871"},"modified":"2024-12-16T10:17:07","modified_gmt":"2024-12-16T13:17:07","slug":"subiran-las-temperaturas-en-entre-rios-y-anuncian-lluvias-para-esta-semana","status":"publish","type":"post","link":"https:\/\/www.actualidadadiario.com\/index.php\/2024\/12\/16\/subiran-las-temperaturas-en-entre-rios-y-anuncian-lluvias-para-esta-semana\/","title":{"rendered":"Subir\u00e1n las temperaturas en Entre R\u00edos y anuncian lluvias para esta semana"},"content":{"rendered":"<p style=\"text-align: center;\"><em><strong>Se aguarda una semana con temperaturas m\u00e1ximas superiores a 30 grados. Adem\u00e1s, se anticipan posibles lluvias y tormentas aisladas el mi\u00e9rcoles<\/strong><\/em><\/p>\n<p>&nbsp;<\/p>\n<p>&nbsp;<\/p>\n<p>El Servicio Meteorol\u00f3gico Nacional -SMN- anuncia una semana calurosa para Entre R\u00edos, con temperaturas en ascenso que superar\u00e1n los 30 grados. Adem\u00e1s, para el mi\u00e9rcoles anticipan posibles lluvias y tormentas aisladas.<\/p>\n<p>La semana comienza con buenas condiciones del tiempo. Este lunes se prev\u00e9 cielo despejado, con m\u00e1ximas de entre 28 y 29 grados.<\/p>\n<p>&nbsp;<\/p>\n<p><strong>Tiempo para hoy<\/strong><\/p>\n<p>En Paran\u00e1, La Paz, Villaguay, Diamante y Nogoy\u00e1 la m\u00ednima ser\u00e1 de 16 grados y la m\u00e1xima alcanzar\u00e1 los 29 grados. En la capital y alrededores se espera una jornada con cielo despejado.<\/p>\n<p>En Concordia, Federal, Feliciano, Federaci\u00f3n y San Salvador, en tanto, se aguarda una m\u00ednima de 17 grados y una m\u00e1xima de 28 grados. El d\u00eda estar\u00e1 despejado.<\/p>\n<p>En Gualeguaych\u00fa, Col\u00f3n, Uruguay, Tala e Islas, se espera una m\u00ednima de 15 grados y una m\u00e1xima de 29 grados. Se prev\u00e9 una jornada mayormente soleada, con pocas nubes de tarde y noche.<\/p>\n<p>Finalmente, en Victoria y Gualeguay anuncian 16 grados de m\u00ednima y 29 grados de m\u00e1xima, con cielo despejado de ma\u00f1ana, algo nublado de tarde y parcialmente nublado de noche.<\/p>\n","protected":false},"excerpt":{"rendered":"<p>Se aguarda una semana con temperaturas m\u00e1ximas superiores a 30 grados. Adem\u00e1s, se anticipan posibles lluvias y tormentas aisladas el mi\u00e9rcoles &nbsp; &nbsp; El Servicio Meteorol\u00f3gico Nacional -SMN- anuncia una semana calurosa para Entre R\u00edos, con temperaturas en ascenso que superar\u00e1n los 30 grados. Adem\u00e1s, para el mi\u00e9rcoles anticipan posibles lluvias y tormentas aisladas. La semana comienza con buenas condiciones del tiempo. Este lunes se prev\u00e9 cielo despejado, con m\u00e1ximas de entre 28 y 29 grados. &nbsp; Tiempo para hoy En Paran\u00e1, La Paz, Villaguay, Diamante y Nogoy\u00e1 la m\u00ednima&#8230;<\/p>\n","protected":false},"author":3,"featured_media":95002,"comment_status":"closed","ping_status":"closed","sticky":false,"template":"","format":"standard","meta":[],"categories":[15],"tags":[],"_links":{"self":[{"href":"https:\/\/www.actualidadadiario.com\/index.php\/wp-json\/wp\/v2\/posts\/123871"}],"collection":[{"href":"https:\/\/www.actualidadadiario.com\/index.php\/wp-json\/wp\/v2\/posts"}],"about":[{"href":"https:\/\/www.actualidadadiario.com\/index.php\/wp-json\/wp\/v2\/types\/post"}],"author":[{"embeddable":true,"href":"https:\/\/www.actualidadadiario.com\/index.php\/wp-json\/wp\/v2\/users\/3"}],"replies":[{"embeddable":true,"href":"https:\/\/www.actualidadadiario.com\/index.php\/wp-json\/wp\/v2\/comments?post=123871"}],"version-history":[{"count":1,"href":"https:\/\/www.actualidadadiario.com\/index.php\/wp-json\/wp\/v2\/posts\/123871\/revisions"}],"predecessor-version":[{"id":123872,"href":"https:\/\/www.actualidadadiario.com\/index.php\/wp-json\/wp\/v2\/posts\/123871\/revisions\/123872"}],"wp:featuredmedia":[{"embeddable":true,"href":"https:\/\/www.actualidadadiario.com\/index.php\/wp-json\/wp\/v2\/media\/95002"}],"wp:attachment":[{"href":"https:\/\/www.actualidadadiario.com\/index.php\/wp-json\/wp\/v2\/media?parent=123871"}],"wp:term":[{"taxonomy":"category","embeddable":true,"href":"https:\/\/www.actualidadadiario.com\/index.php\/wp-json\/wp\/v2\/categories?post=123871"},{"taxonomy":"post_tag","embeddable":true,"href":"https:\/\/www.actualidadadiario.com\/index.php\/wp-json\/wp\/v2\/tags?post=123871"}],"curies":[{"name":"wp","href":"https:\/\/api.w.org\/{rel}","templated":true}]}}