{"id":123865,"date":"2024-12-16T10:15:06","date_gmt":"2024-12-16T13:15:06","guid":{"rendered":"https:\/\/www.actualidadadiario.com\/?p=123865"},"modified":"2024-12-16T10:15:06","modified_gmt":"2024-12-16T13:15:06","slug":"aumentaron-los-precios-de-los-pasajes-interurbanos-en-entre-rios","status":"publish","type":"post","link":"https:\/\/www.actualidadadiario.com\/index.php\/2024\/12\/16\/aumentaron-los-precios-de-los-pasajes-interurbanos-en-entre-rios\/","title":{"rendered":"Aumentaron los precios de los pasajes interurbanos en Entre R\u00edos"},"content":{"rendered":"<p style=\"text-align: center;\"><em><strong>Rige un nuevo aumento en los pasajes de transporte interurbano en la provincia. Es el segundo ajuste establecido por la resoluci\u00f3n N\u00ba 145<\/strong><\/em><\/p>\n<p>&nbsp;<\/p>\n<p>&nbsp;<\/p>\n<p>A partir del 15 de diciembre de 2024, se aplic\u00f3 el segundo aumento en los pasajes de transporte interurbano en Entre R\u00edos. Este incremento se enmarca en la Resoluci\u00f3n N\u00ba 145 de la Secretar\u00eda de Transporte provincial, que establece un precio por kil\u00f3metro para los servicios de autotransporte de pasajeros bajo jurisdicci\u00f3n provincial.<\/p>\n<p>El aumento se implementa en dos etapas. La primera, realizada hace un mes, consisti\u00f3 en un ajuste de $92 por kil\u00f3metro. La segunda parte, que comenz\u00f3 ayer, implica un incremento de $100 por kil\u00f3metro, lo que representa una suba promedio del 7,5% en los pasajes provinciales.<\/p>\n<p>Jos\u00e9 Mar\u00eda Aguiar, de la empresa de transporte &#8220;El Pr\u00e1ctico&#8221;, explic\u00f3 que &#8220;el aumento estaba planificado y comenz\u00f3 a aplicarse ayer&#8221;. Adem\u00e1s, aclar\u00f3 que las tarifas nacionales no sufrieron modificaciones. En cuanto a los nuevos valores, se\u00f1al\u00f3 que, por ejemplo, el pasaje de Paran\u00e1 a Gualeguaych\u00fa pas\u00f3 de $29.600 a $32.200, y el de Paran\u00e1 a Victoria aument\u00f3 de $11.200 a $12.200.<\/p>\n<p>Aguiar tambi\u00e9n destac\u00f3 que &#8220;cada vez que aumentan los precios, la demanda se ve resentida&#8221;. En esta \u00e9poca de fiestas, donde los viajes suelen incrementarse, observ\u00f3 que la situaci\u00f3n est\u00e1 &#8220;muy tranquila&#8221;, tambi\u00e9n influye que las celebraciones caen en mitad de semana. &#8220;Los que est\u00e1n viajando son principalmente jubilados y estudiantes, ya que los trabajadores no viajan tanto&#8221;, indic\u00f3.<\/p>\n<p>Cabe destacar que la resoluci\u00f3n aprob\u00f3 los cuadros de tarifas m\u00e1ximas para los servicios de ruta fija y estableci\u00f3 un 25% adicional sobre los valores para los servicios de modalidad &#8220;puerta a puerta&#8221;. Para los coches cama, se aplicar\u00e1 un recargo del 12% sobre los valores base, y los descuentos promocionales estar\u00e1n limitados a un m\u00e1ximo del 15% de la tarifa m\u00e1xima.<\/p>\n<p>Finalmente, las empresas de transporte deber\u00e1n notificar sus cuadros tarifarios a la Direcci\u00f3n de Transporte dentro de los tres d\u00edas posteriores a la resoluci\u00f3n y asegurar que los valores sean informados al p\u00fablico mediante carteles visibles en ventanillas y unidades.<\/p>\n","protected":false},"excerpt":{"rendered":"<p>Rige un nuevo aumento en los pasajes de transporte interurbano en la provincia. Es el segundo ajuste establecido por la resoluci\u00f3n N\u00ba 145 &nbsp; &nbsp; A partir del 15 de diciembre de 2024, se aplic\u00f3 el segundo aumento en los pasajes de transporte interurbano en Entre R\u00edos. Este incremento se enmarca en la Resoluci\u00f3n N\u00ba 145 de la Secretar\u00eda de Transporte provincial, que establece un precio por kil\u00f3metro para los servicios de autotransporte de pasajeros bajo jurisdicci\u00f3n provincial. El aumento se implementa en dos etapas. La primera, realizada hace un&#8230;<\/p>\n","protected":false},"author":3,"featured_media":123866,"comment_status":"closed","ping_status":"closed","sticky":false,"template":"","format":"standard","meta":[],"categories":[15],"tags":[],"_links":{"self":[{"href":"https:\/\/www.actualidadadiario.com\/index.php\/wp-json\/wp\/v2\/posts\/123865"}],"collection":[{"href":"https:\/\/www.actualidadadiario.com\/index.php\/wp-json\/wp\/v2\/posts"}],"about":[{"href":"https:\/\/www.actualidadadiario.com\/index.php\/wp-json\/wp\/v2\/types\/post"}],"author":[{"embeddable":true,"href":"https:\/\/www.actualidadadiario.com\/index.php\/wp-json\/wp\/v2\/users\/3"}],"replies":[{"embeddable":true,"href":"https:\/\/www.actualidadadiario.com\/index.php\/wp-json\/wp\/v2\/comments?post=123865"}],"version-history":[{"count":1,"href":"https:\/\/www.actualidadadiario.com\/index.php\/wp-json\/wp\/v2\/posts\/123865\/revisions"}],"predecessor-version":[{"id":123867,"href":"https:\/\/www.actualidadadiario.com\/index.php\/wp-json\/wp\/v2\/posts\/123865\/revisions\/123867"}],"wp:featuredmedia":[{"embeddable":true,"href":"https:\/\/www.actualidadadiario.com\/index.php\/wp-json\/wp\/v2\/media\/123866"}],"wp:attachment":[{"href":"https:\/\/www.actualidadadiario.com\/index.php\/wp-json\/wp\/v2\/media?parent=123865"}],"wp:term":[{"taxonomy":"category","embeddable":true,"href":"https:\/\/www.actualidadadiario.com\/index.php\/wp-json\/wp\/v2\/categories?post=123865"},{"taxonomy":"post_tag","embeddable":true,"href":"https:\/\/www.actualidadadiario.com\/index.php\/wp-json\/wp\/v2\/tags?post=123865"}],"curies":[{"name":"wp","href":"https:\/\/api.w.org\/{rel}","templated":true}]}}