{"id":123859,"date":"2024-12-16T10:12:30","date_gmt":"2024-12-16T13:12:30","guid":{"rendered":"https:\/\/www.actualidadadiario.com\/?p=123859"},"modified":"2024-12-16T10:12:30","modified_gmt":"2024-12-16T13:12:30","slug":"los-casos-de-dengue-aumentaron-notablemente-en-entre-rios-en-2024-las-zonas-afectadas","status":"publish","type":"post","link":"https:\/\/www.actualidadadiario.com\/index.php\/2024\/12\/16\/los-casos-de-dengue-aumentaron-notablemente-en-entre-rios-en-2024-las-zonas-afectadas\/","title":{"rendered":"Los casos de dengue aumentaron notablemente en Entre R\u00edos en 2024: las zonas afectadas"},"content":{"rendered":"<p style=\"text-align: center;\"><em><strong>En 2024, los casos de dengue en Entre R\u00edos aumentaron un 2.565% en comparaci\u00f3n con el a\u00f1o anterior, seg\u00fan un estudio de la UNER. Casi el 94% de los casos registrados desde 2020 ocurrieron este a\u00f1o, siendo Federaci\u00f3n, Villaguay y Gualeguaych\u00fa las zonas m\u00e1s afectadas<\/strong><\/em><\/p>\n<p>&nbsp;<\/p>\n<p>&nbsp;<\/p>\n<p>En 2024, los casos de dengue en Entre R\u00edos aumentaron un 2.565% en comparaci\u00f3n con el a\u00f1o anterior. El estudio de la UNER revela que casi el 94% de los casos registrados desde 2020 ocurrieron este a\u00f1o, siendo Federaci\u00f3n, Villaguay y Gualeguaych\u00fa las zonas m\u00e1s afectadas.<\/p>\n<p>En 2024, los casos de dengue en Entre R\u00edos registraron un incremento alarmante del 2.565% en comparaci\u00f3n con el mismo per\u00edodo de 2023, seg\u00fan un estudio de la Facultad de Ciencias de la Salud de la Universidad Nacional de Entre R\u00edos (UNER). Este brote es el m\u00e1s grave desde que comenz\u00f3 el registro de la enfermedad en la provincia: casi el 94% de los casos totales desde el a\u00f1o 2020 se han concentrado en este a\u00f1o.<\/p>\n<p>En total, la provincia contabiliz\u00f3 20.377 casos, con un impacto significativo en los departamentos Federaci\u00f3n, Villaguay y Gualeguaych\u00fa. Federaci\u00f3n lidera las estad\u00edsticas con una tasa de 4.246 casos por cada 100.000 habitantes, lo que representa un incremento del 122% con respecto al mismo per\u00edodo de 2023. Por otro lado, Villaguay registr\u00f3 un aumento del 331% con 1.658 casos y Gualeguaych\u00fa un 284% con 3.134 casos en el mismo per\u00edodo.<\/p>\n<p>El estudio advierte que factores como el cambio clim\u00e1tico y las pr\u00e1cticas sociales aumentan la posibilidad de reproducci\u00f3n del vector. De hecho, las proyecciones clim\u00e1ticas sugieren que el aumento de temperaturas y cambios en patrones de lluvia amplificar\u00e1n la temporada de transmisi\u00f3n y la distribuci\u00f3n geogr\u00e1fica de los mosquitos.<\/p>\n<p>Ante este panorama, el informe recomienda estrategias de prevenci\u00f3n enfocadas en modificar pr\u00e1cticas cotidianas y condiciones intra-hogar, como la eliminaci\u00f3n de criaderos de mosquitos y la mejora en el manejo de residuos y uso responsable del agua.<\/p>\n<p>Este brote sin precedentes posicion\u00f3 a Entre R\u00edos en el d\u00e9cimo lugar a nivel nacional en tasa de incidencia, con 1.293 casos cada 100.000 habitantes, apenas por encima de la media nacional. La situaci\u00f3n subraya la necesidad de implementar pol\u00edticas de prevenci\u00f3n multisectoriales para enfrentar la expansi\u00f3n de la enfermedad.<\/p>\n<p>El \u201cInforme T\u00e9cnico de Salud: Situaci\u00f3n del Dengue en Entre R\u00edos (2020-2024). Un abordaje multinivel\u201d, aborda la evoluci\u00f3n de esta enfermedad viral en la provincia y en el pa\u00eds, mediante un an\u00e1lisis profundo de los datos recogidos en los \u00faltimos a\u00f1os. El documento elaborado por la Facultad de Ciencias de la Salud UNER busca aportar insumos relevantes para la toma de decisiones en pol\u00edticas p\u00fablicas de salud, con especial \u00e9nfasis en estrategias de prevenci\u00f3n y control.<\/p>\n","protected":false},"excerpt":{"rendered":"<p>En 2024, los casos de dengue en Entre R\u00edos aumentaron un 2.565% en comparaci\u00f3n con el a\u00f1o anterior, seg\u00fan un estudio de la UNER. Casi el 94% de los casos registrados desde 2020 ocurrieron este a\u00f1o, siendo Federaci\u00f3n, Villaguay y Gualeguaych\u00fa las zonas m\u00e1s afectadas &nbsp; &nbsp; En 2024, los casos de dengue en Entre R\u00edos aumentaron un 2.565% en comparaci\u00f3n con el a\u00f1o anterior. El estudio de la UNER revela que casi el 94% de los casos registrados desde 2020 ocurrieron este a\u00f1o, siendo Federaci\u00f3n, Villaguay y Gualeguaych\u00fa las&#8230;<\/p>\n","protected":false},"author":3,"featured_media":123860,"comment_status":"closed","ping_status":"closed","sticky":false,"template":"","format":"standard","meta":[],"categories":[9],"tags":[],"_links":{"self":[{"href":"https:\/\/www.actualidadadiario.com\/index.php\/wp-json\/wp\/v2\/posts\/123859"}],"collection":[{"href":"https:\/\/www.actualidadadiario.com\/index.php\/wp-json\/wp\/v2\/posts"}],"about":[{"href":"https:\/\/www.actualidadadiario.com\/index.php\/wp-json\/wp\/v2\/types\/post"}],"author":[{"embeddable":true,"href":"https:\/\/www.actualidadadiario.com\/index.php\/wp-json\/wp\/v2\/users\/3"}],"replies":[{"embeddable":true,"href":"https:\/\/www.actualidadadiario.com\/index.php\/wp-json\/wp\/v2\/comments?post=123859"}],"version-history":[{"count":1,"href":"https:\/\/www.actualidadadiario.com\/index.php\/wp-json\/wp\/v2\/posts\/123859\/revisions"}],"predecessor-version":[{"id":123861,"href":"https:\/\/www.actualidadadiario.com\/index.php\/wp-json\/wp\/v2\/posts\/123859\/revisions\/123861"}],"wp:featuredmedia":[{"embeddable":true,"href":"https:\/\/www.actualidadadiario.com\/index.php\/wp-json\/wp\/v2\/media\/123860"}],"wp:attachment":[{"href":"https:\/\/www.actualidadadiario.com\/index.php\/wp-json\/wp\/v2\/media?parent=123859"}],"wp:term":[{"taxonomy":"category","embeddable":true,"href":"https:\/\/www.actualidadadiario.com\/index.php\/wp-json\/wp\/v2\/categories?post=123859"},{"taxonomy":"post_tag","embeddable":true,"href":"https:\/\/www.actualidadadiario.com\/index.php\/wp-json\/wp\/v2\/tags?post=123859"}],"curies":[{"name":"wp","href":"https:\/\/api.w.org\/{rel}","templated":true}]}}