{"id":123856,"date":"2024-12-13T17:42:33","date_gmt":"2024-12-13T20:42:33","guid":{"rendered":"https:\/\/www.actualidadadiario.com\/?p=123856"},"modified":"2024-12-13T17:42:33","modified_gmt":"2024-12-13T20:42:33","slug":"hubo-desfile-de-gobernadores-para-firmar-con-caputo-la-adhesion-al-plan-canje-de-deudas-de-la-nacion","status":"publish","type":"post","link":"https:\/\/www.actualidadadiario.com\/index.php\/2024\/12\/13\/hubo-desfile-de-gobernadores-para-firmar-con-caputo-la-adhesion-al-plan-canje-de-deudas-de-la-nacion\/","title":{"rendered":"Hubo desfile de gobernadores para firmar con Caputo la adhesi\u00f3n al plan canje de deudas de la Naci\u00f3n"},"content":{"rendered":"<p style=\"text-align: center;\"><em><strong>Los mandatarios de cinco provincias se sumaron al R\u00e9gimen de Extinci\u00f3n de Obligaciones Rec\u00edprocas. Un \u201cborr\u00f3n y cuenta nueva\u201d a cambio de tierras, empresas, rutas y otros bienes<\/strong><\/em><\/p>\n<p>&nbsp;<\/p>\n<p>&nbsp;<\/p>\n<p>Los gobernadores Ra\u00fal Jalil (Catamarca), Osvaldo Jaldo (Tucum\u00e1n), Sergio Ziliotto (La Pampa), Leandro Zdero (Chaco) y Rogelio Frigerio (Entre R\u00edos) pasaron este viernes por el Ministerio de Econom\u00eda de la Naci\u00f3n para firmar con el Gobierno las cartas de intenci\u00f3n de adhesi\u00f3n voluntaria al R\u00e9gimen de Extinci\u00f3n de Obligaciones Rec\u00edprocas que, en rigor, pone en marcha una mesa de di\u00e1logo para que la Naci\u00f3n cancele las deudas que tiene con cada distrito a cambio de entrega de tierras, empresas, rutas y otros bienes. &#8220;Un premio consuelo ante la falta de Presupuesto 2025&#8221;, describi\u00f3 un funcionario de uno de los mandatarios del norte.<\/p>\n<p>Las actas fueron firmadas por los jefes provinciales, el ministro de Econom\u00eda, Luis Caputo; y el vicejefe de Gabinete del Interior, Lisandro Catal\u00e1n. Este \u00faltimo fue el responsable de anunciar la puesta en marcha del r\u00e9gimen que, en el arranque, despert\u00f3 el inter\u00e9s de Jalil y su par salte\u00f1o Gustavo S\u00e1enz para que el Belgrano Cargas, que el Gobierno anticip\u00f3 que estaba sujeto a privatizaci\u00f3n, pase a ser administrado por una alianza de provincias a cambio de deudas de la Naci\u00f3n.<\/p>\n<p>En el caso de C\u00f3rdoba, cuyo gobernador Mart\u00edn Llaryora fue autorizado por la Legislatura este \u00faltimo jueves 12 a adherir al r\u00e9gimen, no se descarta que la F\u00e1brica Argentina de Aviones (Fadea) pudiera provincializarse con este sistema. Para concretar el paso de este viernes, los poderes legislativos de cada provincia debieron aprobar proyectos para facultar a los gobernadores a suscribir las actas.<\/p>\n<p>La creaci\u00f3n de esta modalidad de &#8220;borr\u00f3n y cuenta nueva&#8221; se produjo mientras la Casa Rosada hab\u00eda entablado negociaciones con los mandatarios dialoguistas por el Presupuesto 2025. Los jefes provinciales estaban interesados en que los convenios incumplidos de obras asumidos con el Jefe de Gabinete, Guillermo Francos, antes de la aprobaci\u00f3n de la Ley Bases, se incluyeran en las planillas del presupuesto. No pudo ser. Las dilaciones y la falta de acuerdos le abrieron la puerta a la Casa Rosada para que decidiera no incluir a la &#8220;ley de leyes&#8221; ni en un tentativo listado de un llamado a sesiones extraordinarias, que tampoco se concret\u00f3, hasta ahora.<\/p>\n<p>Al quedarse con las manos vac\u00edas y la pr\u00f3rroga por segundo a\u00f1o consecutivo del Presupuesto 2023, lo que obligar\u00e1 a los jefes provinciales a tener que negociar con la Casa Rosada mes a mes el giro de fondos federales, &#8220;el R\u00e9gimen de Extinci\u00f3n de Obligaciones Rec\u00edprocas se convirti\u00f3 en un salvavidas&#8221;, explic\u00f3 a este medio otro hombre de confianza de uno de los gobernadores. Cada uno est\u00e1 viendo qu\u00e9 hay en cada distrito que pueda ser de inter\u00e9s para que pase de la Naci\u00f3n a su provincia, &#8220;pero eso no resuelve los problemas de caja, para los que se necesitan fondos frescos&#8221;, advirti\u00f3 este funcionario peronista.<\/p>\n<p>&nbsp;<\/p>\n<p><strong>Las deudas<\/strong><\/p>\n<p>En general, las provincias reclaman deudas de retenciones del impuesto a los combustibles l\u00edquidos que Naci\u00f3n realiza pero no transfiere, partidas para obras p\u00fablicas -por convenios que se firmaron e incumplieron-, el pago del Fondo Compensador del Consenso Fiscal y de los fondos Fiduciario para el Desarrollo Provincial, de Infraestructura Regional y del Fondo Nacional de Incentivo Docente, entre otros. Pero, por otro lado, desde enero la Naci\u00f3n cort\u00f3 los env\u00edos de fondos a las 13 provincias que tienen cajas previsionales no transferidas. Solo en el caso de C\u00f3rdoba se trata de una deuda de $450.000 millones, por lo que este distrito ya recurri\u00f3 a la Corte Suprema de Justicia de la Naci\u00f3n. Estos mandatarios son remisos a negociar un canje por esa mora porque pretenden fondos contantes y sonantes para cubrir el bache que cubren con partidas propias.<\/p>\n<p>En los encuentros en Econom\u00eda con los gobernadores tambi\u00e9n participaron el secretario de Hacienda, Carlos Guberman; el secretario de Provincias y Municipios, Javier Milano; y la subsecretaria de Coordinaci\u00f3n Fiscal Provincial, Valeria S\u00e1nchez. En la pr\u00f3xima tanta de firmas estar\u00edan los jefes provinciales de Neuqu\u00e9n, Corrientes, Chubut, Jujuy, Misiones, Salta, Santa Cruz y C\u00f3rdoba.<\/p>\n<p>El r\u00e9gimen fue creado por el decreto 969\/2024, cuya contenido se\u00f1ala que &#8220;permite extinguir, total o parcialmente, las obligaciones rec\u00edprocas entre las jurisdicciones permitiendo, de esta manera, instrumentar el saneamiento definitivo de las situaciones financieras&#8221;. &#8220;Permite acordar compensaciones, conciliaciones, transacciones, reconocimientos, remisiones y toda otra operaci\u00f3n que tienda a la determinaci\u00f3n y cancelaci\u00f3n de las deudas rec\u00edprocas y\/o cr\u00e9ditos entre las partes. En este sentido, el R\u00e9gimen contribuir\u00e1 a ordenar la situaci\u00f3n financiera entre las jurisdicciones, saldar deudas de a\u00f1os previos y avanzar en una nueva relaci\u00f3n fiscal federal&#8221;, se destac\u00f3 en sus considerandos.<\/p>\n","protected":false},"excerpt":{"rendered":"<p>Los mandatarios de cinco provincias se sumaron al R\u00e9gimen de Extinci\u00f3n de Obligaciones Rec\u00edprocas. Un \u201cborr\u00f3n y cuenta nueva\u201d a cambio de tierras, empresas, rutas y otros bienes &nbsp; &nbsp; Los gobernadores Ra\u00fal Jalil (Catamarca), Osvaldo Jaldo (Tucum\u00e1n), Sergio Ziliotto (La Pampa), Leandro Zdero (Chaco) y Rogelio Frigerio (Entre R\u00edos) pasaron este viernes por el Ministerio de Econom\u00eda de la Naci\u00f3n para firmar con el Gobierno las cartas de intenci\u00f3n de adhesi\u00f3n voluntaria al R\u00e9gimen de Extinci\u00f3n de Obligaciones Rec\u00edprocas que, en rigor, pone en marcha una mesa de di\u00e1logo&#8230;<\/p>\n","protected":false},"author":3,"featured_media":123857,"comment_status":"closed","ping_status":"closed","sticky":false,"template":"","format":"standard","meta":[],"categories":[18],"tags":[],"_links":{"self":[{"href":"https:\/\/www.actualidadadiario.com\/index.php\/wp-json\/wp\/v2\/posts\/123856"}],"collection":[{"href":"https:\/\/www.actualidadadiario.com\/index.php\/wp-json\/wp\/v2\/posts"}],"about":[{"href":"https:\/\/www.actualidadadiario.com\/index.php\/wp-json\/wp\/v2\/types\/post"}],"author":[{"embeddable":true,"href":"https:\/\/www.actualidadadiario.com\/index.php\/wp-json\/wp\/v2\/users\/3"}],"replies":[{"embeddable":true,"href":"https:\/\/www.actualidadadiario.com\/index.php\/wp-json\/wp\/v2\/comments?post=123856"}],"version-history":[{"count":1,"href":"https:\/\/www.actualidadadiario.com\/index.php\/wp-json\/wp\/v2\/posts\/123856\/revisions"}],"predecessor-version":[{"id":123858,"href":"https:\/\/www.actualidadadiario.com\/index.php\/wp-json\/wp\/v2\/posts\/123856\/revisions\/123858"}],"wp:featuredmedia":[{"embeddable":true,"href":"https:\/\/www.actualidadadiario.com\/index.php\/wp-json\/wp\/v2\/media\/123857"}],"wp:attachment":[{"href":"https:\/\/www.actualidadadiario.com\/index.php\/wp-json\/wp\/v2\/media?parent=123856"}],"wp:term":[{"taxonomy":"category","embeddable":true,"href":"https:\/\/www.actualidadadiario.com\/index.php\/wp-json\/wp\/v2\/categories?post=123856"},{"taxonomy":"post_tag","embeddable":true,"href":"https:\/\/www.actualidadadiario.com\/index.php\/wp-json\/wp\/v2\/tags?post=123856"}],"curies":[{"name":"wp","href":"https:\/\/api.w.org\/{rel}","templated":true}]}}