{"id":123854,"date":"2024-12-13T16:27:56","date_gmt":"2024-12-13T19:27:56","guid":{"rendered":"https:\/\/www.actualidadadiario.com\/?p=123854"},"modified":"2024-12-13T16:27:56","modified_gmt":"2024-12-13T19:27:56","slug":"se-descontrola-la-interna-libertaria-milei-ataco-a-villarruel-por-la-expulsion-de-kueider","status":"publish","type":"post","link":"https:\/\/www.actualidadadiario.com\/index.php\/2024\/12\/13\/se-descontrola-la-interna-libertaria-milei-ataco-a-villarruel-por-la-expulsion-de-kueider\/","title":{"rendered":"Se descontrola la interna libertaria: Milei atac\u00f3 a Villarruel por la expulsi\u00f3n de Kueider"},"content":{"rendered":"<p style=\"text-align: center;\"><strong>En p\u00e1nico por la <em>posible<\/em> reacci\u00f3n del ex senador preso en Paraguay, la Casa Rosada busca anular su expulsi\u00f3n<\/strong><\/p>\n<p>&nbsp;<\/p>\n<p>&nbsp;<\/p>\n<p>Milei escal\u00f3 al m\u00e1ximo la interna con Victoria Villarruel y desde Italia sali\u00f3 a atacarla por la expulsi\u00f3n del senador Edgardo Kueider, a quien la Casa Rosada busca salvar por temor a una posible reacci\u00f3n.<\/p>\n<p>El presidente se sum\u00f3 al operativo desesperado que lanz\u00f3 Santiago Caputo e interrumpi\u00f3 su visita a Italia para cuestionar a Villarruel por no haber dejado la sesi\u00f3n en la que se expuls\u00f3 a Kueider, por lo que consider\u00f3 que debe ser anulada.<\/p>\n<p>Desde el jueves por la tarde, el gobierno est\u00e1 filtrando a periodistas amigos que la sesi\u00f3n fue &#8220;inv\u00e1lida&#8221; porque Villarruel ya debi\u00f3 estar a cargo del Poder Ejecutivo dado que Milei estaba en viaje a Italia. Pero la vice dice que reci\u00e9n firm\u00f3 el traspaso alrededor de las 19 horas, cuando la sesi\u00f3n hab\u00eda concluido.<\/p>\n<p>&#8220;Yo lo que puedo notificar y verificar es que s\u00ed la doctora Villarruel fue informada&#8221;, afirm\u00f3 Milei en una entrevista con radio El Observador. &#8220;El GDE donde se le comunica que voy a estar de viaje, ella lo recibe el d\u00eda martes. Es decir, estaba informada 48 horas antes de la sesi\u00f3n&#8221;, agreg\u00f3.<\/p>\n<p>&#8220;Es m\u00e1s, la Escriban\u00eda General de la Naci\u00f3n interactu\u00f3 con la secretaria de Villarruel, con lo cual fue notificada la secretaria. No s\u00f3lo eso: el mismo d\u00eda jueves que viaj\u00e9, el propio Manuel Adorni confirm\u00f3 que estaba viajando a Italia a eso de las 12 o 12:30. Eso fue diseminado por todos los medios&#8221;, expres\u00f3 el Presidente, aunque la palabra del vocero est\u00e1 devaluada desde que anunci\u00f3 la convocatoria a sesiones extraordinarias que nunca se concret\u00f3.<\/p>\n<p>Luego, Milei sugiri\u00f3 que Villarruel no quiso firmar el acta de traspaso. &#8220;Cuando yo termino de firmar, el escribano la llama a la doctora Villarruel insistentemente y como no le contestaba, le escribieron a la secretaria que tampoco contest\u00f3. Pero en realidad hab\u00edan sido notificados el martes&#8221;, cuestion\u00f3.<\/p>\n<p>&#8220;\u00bfPor qu\u00e9 no se puede hacer lo que hizo Villarruel? Argentina tiene un sistema republicano de gobierno, que es un sistema de pesos y contrapesos: el Poder Ejecutivo no se puede meter con el Legislativo ni viceversa, y lo mismo con el Judicial&#8221;, explic\u00f3. &#8220;En el momento en que entro de viaje, se produce la acefal\u00eda transitoria y queda a cargo del Ejecutivo el vicepresidente. Si preside la sesi\u00f3n del Congreso, est\u00e1 trabajando en el Poder Legislativo, pero al mismo tiempo es presidente interino. Est\u00e1 ocupando dos cargos y eso violenta la divisi\u00f3n de poderes&#8221;, lanz\u00f3 Milei.<\/p>\n<p>Los dichos de Milei son muy graves en t\u00e9rminos institucionales. Es que si la Justicia determina que lo que dice el Presidente es cierto, Villarruel podr\u00eda ser acusada de incumplimiento de los deberes de funcionaria p\u00fablica o usurpaci\u00f3n de cargo.<\/p>\n<p>En el gobierno evidentemente no son conscientes de la gravedad institucional de estas acusaciones y de forzar una maniobra muy delicada contra la vicepresidenta, lo que revela la magnitud de la desesperaci\u00f3n de Santiago Caputo por proteger a Kueider.<\/p>\n<p>La versi\u00f3n que circula en \u00e1mbitos pol\u00edticos es que en el gobierno est\u00e1n muy preocupados por la posibilidad de que la Justicia paraguaya abra los tel\u00e9fonos de Kueider y profundice sobre la ruta del dinero, como uno de los fiscales. Tambi\u00e9n hay preocupaci\u00f3n por el supuesto hallazgo de un pendrive o llave para almacenar criptomonedas, que seg\u00fan se dice es el m\u00e9todo m\u00e1s seguro para las coimas.<\/p>\n<p>Lo ins\u00f3lito de la reacci\u00f3n desproporcionada del gobierno es que los senadores de La Libertad Avanza votaron a favor de la expulsi\u00f3n y de que el propio Milei dice que los votos fueron m\u00e1s que contundentes. La \u00fanica explicaci\u00f3n que encuentran en el Congreso es que se trata de un intento por evitar que Kueider hable.<\/p>\n","protected":false},"excerpt":{"rendered":"<p>En p\u00e1nico por la posible reacci\u00f3n del ex senador preso en Paraguay, la Casa Rosada busca anular su expulsi\u00f3n &nbsp; &nbsp; Milei escal\u00f3 al m\u00e1ximo la interna con Victoria Villarruel y desde Italia sali\u00f3 a atacarla por la expulsi\u00f3n del senador Edgardo Kueider, a quien la Casa Rosada busca salvar por temor a una posible reacci\u00f3n. El presidente se sum\u00f3 al operativo desesperado que lanz\u00f3 Santiago Caputo e interrumpi\u00f3 su visita a Italia para cuestionar a Villarruel por no haber dejado la sesi\u00f3n en la que se expuls\u00f3 a Kueider,&#8230;<\/p>\n","protected":false},"author":3,"featured_media":123852,"comment_status":"closed","ping_status":"closed","sticky":false,"template":"","format":"standard","meta":[],"categories":[18],"tags":[],"_links":{"self":[{"href":"https:\/\/www.actualidadadiario.com\/index.php\/wp-json\/wp\/v2\/posts\/123854"}],"collection":[{"href":"https:\/\/www.actualidadadiario.com\/index.php\/wp-json\/wp\/v2\/posts"}],"about":[{"href":"https:\/\/www.actualidadadiario.com\/index.php\/wp-json\/wp\/v2\/types\/post"}],"author":[{"embeddable":true,"href":"https:\/\/www.actualidadadiario.com\/index.php\/wp-json\/wp\/v2\/users\/3"}],"replies":[{"embeddable":true,"href":"https:\/\/www.actualidadadiario.com\/index.php\/wp-json\/wp\/v2\/comments?post=123854"}],"version-history":[{"count":1,"href":"https:\/\/www.actualidadadiario.com\/index.php\/wp-json\/wp\/v2\/posts\/123854\/revisions"}],"predecessor-version":[{"id":123855,"href":"https:\/\/www.actualidadadiario.com\/index.php\/wp-json\/wp\/v2\/posts\/123854\/revisions\/123855"}],"wp:featuredmedia":[{"embeddable":true,"href":"https:\/\/www.actualidadadiario.com\/index.php\/wp-json\/wp\/v2\/media\/123852"}],"wp:attachment":[{"href":"https:\/\/www.actualidadadiario.com\/index.php\/wp-json\/wp\/v2\/media?parent=123854"}],"wp:term":[{"taxonomy":"category","embeddable":true,"href":"https:\/\/www.actualidadadiario.com\/index.php\/wp-json\/wp\/v2\/categories?post=123854"},{"taxonomy":"post_tag","embeddable":true,"href":"https:\/\/www.actualidadadiario.com\/index.php\/wp-json\/wp\/v2\/tags?post=123854"}],"curies":[{"name":"wp","href":"https:\/\/api.w.org\/{rel}","templated":true}]}}