{"id":123851,"date":"2024-12-13T16:27:01","date_gmt":"2024-12-13T19:27:01","guid":{"rendered":"https:\/\/www.actualidadadiario.com\/?p=123851"},"modified":"2024-12-13T16:28:24","modified_gmt":"2024-12-13T19:28:24","slug":"kueider-tambien-cuestiona-la-validez-de-la-sesion-del-senado-y-pide-que-le-restituyan-su-banca","status":"publish","type":"post","link":"https:\/\/www.actualidadadiario.com\/index.php\/2024\/12\/13\/kueider-tambien-cuestiona-la-validez-de-la-sesion-del-senado-y-pide-que-le-restituyan-su-banca\/","title":{"rendered":"Kueider tambi\u00e9n cuestiona la validez de la sesi\u00f3n del Senado y pide que le restituyan su banca"},"content":{"rendered":"<p style=\"text-align: center;\"><em><strong>El ex senador argumenta que Victoria Villarruel no pod\u00eda presidir la sesi\u00f3n en que fue expulsado del cuerpo por amplia mayor\u00eda. Se queja porque no se le permiti\u00f3 defenderse<\/strong><\/em><\/p>\n<p>&nbsp;<\/p>\n<p>&nbsp;<\/p>\n<p>Edgardo Kueider aprovech\u00f3 el conflicto abierto en torno a quien deb\u00eda presidir la sesi\u00f3n en la que el Senado decidi\u00f3 su expulsi\u00f3n del cuerpo y present\u00f3 un recurso de amparo ante la C\u00e1mara en lo Contencioso Administrativo para que se declare nula la resoluci\u00f3n de la C\u00e1mara y se le restituya su banca.<\/p>\n<p>El ex senador peronista devenido en libertario se encuentra con arresto domiciliario en Paraguay, luego de ser detenido por la polic\u00eda de ese pa\u00eds con m\u00e1s de u$s 200.000 y $600.000 sin declarar<\/p>\n<p>En una sesi\u00f3n presidida por Victoria Villarruel, el Senado resolvi\u00f3 ayer su expulsi\u00f3n del cuerpo por una amplia mayor\u00eda: 61 votos a favor, cinco negativos y una abstenci\u00f3n. El conflicto surgi\u00f3 porque el presidente Javier Milei ya se encontraba en viaje hacia Italia \u2013donde se reunir\u00e1 con la Primera Ministra de ese pa\u00eds, Georgia Meloni\u2013. y Villarruel no puede estar presidir el Senado si est\u00e1 a cargo de la Presidencia. En otro cap\u00edtulo m\u00e1s de la interna entre el Presidente y su vice, desde la Casa Rosada le achacaron a la vicepresidenta \u201cincumplimiento de los deberes\u201d y pusieron en dudas la validez de la sesi\u00f3n.<\/p>\n<p>En su defensa, Villarruel argument\u00f3 que el traspaso de mando se firm\u00f3 a las 19, cuando la sesi\u00f3n ya hab\u00eda terminado.<\/p>\n<p>Ahora, Kueider denunci\u00f3 ante el Juzgado Contencioso N\u00b06 que hubo \u201cirregularidades\u201d en la sesi\u00f3n y pidi\u00f3 que se la declare nula. El ex senador argument\u00f3 que su situaci\u00f3n no fue debatida antes de llegar al recinto, que deber\u00eda haberse tratado antes en la Comisi\u00f3n de Asuntos Constitucionales \u2013que justamente \u00e9l presid\u00eda\u2013 y que no se le permiti\u00f3 hacer un descargo ni ejercer su derecho de defensa.<\/p>\n<p>\u201cNo pueden tomar una medida sancionatoria, y menos una expulsi\u00f3n, por una presunci\u00f3n. Me parece una locura institucional\u201d, hab\u00eda dicho ayer en declaraciones a La Naci\u00f3n, poco antes del inicio de la sesi\u00f3n.<\/p>\n<p>Su abogado, Maximiliano Ruiz, envi\u00f3 tambi\u00e9n una notificaci\u00f3n a Villarruel en la que se\u00f1ala que este viernes \u201cse ha dado inicio a una acci\u00f3n judicial por medio de la cual se controvierte la constitucionalidad y validez de la sesi\u00f3n\u201d por medio de la cual \u201cse dispuso la remoci\u00f3n del cargo de senador nacional de mi asistido\u201d.<\/p>\n<p>En la presentaci\u00f3n, le reclama a Villarruel que \u201cdeje sin efecto la resoluci\u00f3n alcanzada en esa sesi\u00f3n\u201d. \u201cHasta tanto exista un pronunciamiento judicial a su respecto, solicito tenga a bien tomar las medidas de resguardo propias de la funci\u00f3n, de las oficinas y del personal afectado al mismo\u201d, agrega.<\/p>\n<p>La camporista Stefan\u00eda Cora es quien deber\u00e1 asumir en reemplazo de Kueider para completar el mandato hasta diciembre de 2025.<\/p>\n","protected":false},"excerpt":{"rendered":"<p>El ex senador argumenta que Victoria Villarruel no pod\u00eda presidir la sesi\u00f3n en que fue expulsado del cuerpo por amplia mayor\u00eda. Se queja porque no se le permiti\u00f3 defenderse &nbsp; &nbsp; Edgardo Kueider aprovech\u00f3 el conflicto abierto en torno a quien deb\u00eda presidir la sesi\u00f3n en la que el Senado decidi\u00f3 su expulsi\u00f3n del cuerpo y present\u00f3 un recurso de amparo ante la C\u00e1mara en lo Contencioso Administrativo para que se declare nula la resoluci\u00f3n de la C\u00e1mara y se le restituya su banca. El ex senador peronista devenido en&#8230;<\/p>\n","protected":false},"author":3,"featured_media":117879,"comment_status":"closed","ping_status":"closed","sticky":false,"template":"","format":"standard","meta":[],"categories":[18],"tags":[],"_links":{"self":[{"href":"https:\/\/www.actualidadadiario.com\/index.php\/wp-json\/wp\/v2\/posts\/123851"}],"collection":[{"href":"https:\/\/www.actualidadadiario.com\/index.php\/wp-json\/wp\/v2\/posts"}],"about":[{"href":"https:\/\/www.actualidadadiario.com\/index.php\/wp-json\/wp\/v2\/types\/post"}],"author":[{"embeddable":true,"href":"https:\/\/www.actualidadadiario.com\/index.php\/wp-json\/wp\/v2\/users\/3"}],"replies":[{"embeddable":true,"href":"https:\/\/www.actualidadadiario.com\/index.php\/wp-json\/wp\/v2\/comments?post=123851"}],"version-history":[{"count":1,"href":"https:\/\/www.actualidadadiario.com\/index.php\/wp-json\/wp\/v2\/posts\/123851\/revisions"}],"predecessor-version":[{"id":123853,"href":"https:\/\/www.actualidadadiario.com\/index.php\/wp-json\/wp\/v2\/posts\/123851\/revisions\/123853"}],"wp:featuredmedia":[{"embeddable":true,"href":"https:\/\/www.actualidadadiario.com\/index.php\/wp-json\/wp\/v2\/media\/117879"}],"wp:attachment":[{"href":"https:\/\/www.actualidadadiario.com\/index.php\/wp-json\/wp\/v2\/media?parent=123851"}],"wp:term":[{"taxonomy":"category","embeddable":true,"href":"https:\/\/www.actualidadadiario.com\/index.php\/wp-json\/wp\/v2\/categories?post=123851"},{"taxonomy":"post_tag","embeddable":true,"href":"https:\/\/www.actualidadadiario.com\/index.php\/wp-json\/wp\/v2\/tags?post=123851"}],"curies":[{"name":"wp","href":"https:\/\/api.w.org\/{rel}","templated":true}]}}