{"id":123798,"date":"2024-12-12T11:53:30","date_gmt":"2024-12-12T14:53:30","guid":{"rendered":"https:\/\/www.actualidadadiario.com\/?p=123798"},"modified":"2024-12-12T11:53:30","modified_gmt":"2024-12-12T14:53:30","slug":"vacacionar-en-mar-del-plata-puede-llegar-a-costar-un-35-mas-que-en-cancun-y-el-doble-que-en-rio-de-janeiro","status":"publish","type":"post","link":"https:\/\/www.actualidadadiario.com\/index.php\/2024\/12\/12\/vacacionar-en-mar-del-plata-puede-llegar-a-costar-un-35-mas-que-en-cancun-y-el-doble-que-en-rio-de-janeiro\/","title":{"rendered":"Vacacionar en Mar del Plata puede llegar a costar un 35% m\u00e1s que en Canc\u00fan y el doble que en R\u00edo de Janeiro"},"content":{"rendered":"<p style=\"text-align: center;\"><em><strong>Un informe revel\u00f3 el costo que debe afrontar una familia para veranear un quincena en la costa argentina o en el exterior<\/strong><\/em><\/p>\n<p>&nbsp;<\/p>\n<p>&nbsp;<\/p>\n<p>El costo de veranear en Mar del Plata podr\u00eda llegar a ser un 35% m\u00e1s elevado que hacerlo en Canc\u00fan o el doble que en R\u00edo de Janeiro, a ra\u00edz de la apreciaci\u00f3n del peso y la inflaci\u00f3n, seg\u00fan reflej\u00f3 un relevamiento de la Fundaci\u00f3n Ecosur.<\/p>\n<p>El an\u00e1lisis privado compar\u00f3, por medio de dos canastas, los precios de la estad\u00eda en destinos tur\u00edsticos de Argentina, Brasil, Uruguay, M\u00e9xico y Estados Unidos, para una familia de cuatro personas que decida vacacionar durante una quincena en enero de 2025.<\/p>\n<p>La \u201ccanasta estad\u00eda\u201d incluye el costo de un hotel tres estrellas, comidas, bebidas y transporte local. Mientras que la \u201ccanasta total\u201d incluye tambi\u00e9n los costos de traslado, vuelos o viajes en auto y un seguro m\u00e9dico.<\/p>\n<p>En el caso de la primera canasta, el trabajo revel\u00f3 que el costo de vacacionar para cuatro personas en Mar del Plata, con alojamiento y consumos en d\u00f3lares, es 35% m\u00e1s caro que en Canc\u00fan y casi el doble que en R\u00edo de Janeiro. En tanto que en Punta del Este y Miami se da la situaci\u00f3n inversa, ya que los valores de la estad\u00eda son 8% y 57% m\u00e1s caros, respectivamente, que en La Feliz.<\/p>\n<p>Desde la consultora explicaron el fen\u00f3meno haciendo alusi\u00f3n a la apreciaci\u00f3n del peso argentino y el aumento de precios en la Costa Atl\u00e1ntica, lo que gener\u00f3 que la erogaci\u00f3n para veranear en el exterior se equipare con la variante local.<\/p>\n<p>Adem\u00e1s, precisaron que \u201ceste fen\u00f3meno se intensifica en la comparaci\u00f3n con R\u00edo de Janeiro, ya que la depreciaci\u00f3n del real brasile\u00f1o sufrida este a\u00f1o y profundizada en las \u00faltimas semanas ha abaratado los precios de este pa\u00eds medidos en d\u00f3lares y pesos\u201d.<\/p>\n<p>&nbsp;<\/p>\n<p><strong>Canasta estad\u00eda<\/strong><\/p>\n<ul>\n<li>Mar del Plata: US$6671<\/li>\n<li>R\u00edo de Janeiro: US$3194<\/li>\n<li>Punta del Este: US$7225<\/li>\n<li>Miami: US$10.475<\/li>\n<li>Canc\u00fan: US$4364<\/li>\n<\/ul>\n<p>Al incorporar los traslados ida y vuelta junto a un seguro de viaje, R\u00edo de Janeiro es solo 10 d\u00f3lares m\u00e1s caro que veranear en Mar del Plata, mientras que los dem\u00e1s destinos el costo se encarece y queda lejos de la opci\u00f3n nacional. As\u00ed, las vacaciones en Punta del Este, Canc\u00fan y Miami se vuelven 41%, 69% y 169% m\u00e1s caras que en La Feliz, respectivamente.<\/p>\n<p>Al respecto, la Fundaci\u00f3n expuso que \u201cesto resulta notable, ya que para los destinos internacionales se consideran pasajes a\u00e9reos para cuatro personas, mientras que para Mar del Plata solo se incluye el costo del viaje ida y vuelta en auto (nafta y peajes)\u201d.<\/p>\n<p>&nbsp;<\/p>\n<p><strong>Canasta total de vacaciones<\/strong><\/p>\n<ul>\n<li>Miami: US$18.144<\/li>\n<li>Canc\u00fan: US$11.433<\/li>\n<li>Punta del Este: US$9506<\/li>\n<li>R\u00edo de Janeiro: US$6765<\/li>\n<li>Mar del Plata: US$6755<\/li>\n<\/ul>\n","protected":false},"excerpt":{"rendered":"<p>Un informe revel\u00f3 el costo que debe afrontar una familia para veranear un quincena en la costa argentina o en el exterior &nbsp; &nbsp; El costo de veranear en Mar del Plata podr\u00eda llegar a ser un 35% m\u00e1s elevado que hacerlo en Canc\u00fan o el doble que en R\u00edo de Janeiro, a ra\u00edz de la apreciaci\u00f3n del peso y la inflaci\u00f3n, seg\u00fan reflej\u00f3 un relevamiento de la Fundaci\u00f3n Ecosur. El an\u00e1lisis privado compar\u00f3, por medio de dos canastas, los precios de la estad\u00eda en destinos tur\u00edsticos de Argentina, Brasil,&#8230;<\/p>\n","protected":false},"author":3,"featured_media":123799,"comment_status":"closed","ping_status":"closed","sticky":false,"template":"","format":"standard","meta":[],"categories":[2],"tags":[],"_links":{"self":[{"href":"https:\/\/www.actualidadadiario.com\/index.php\/wp-json\/wp\/v2\/posts\/123798"}],"collection":[{"href":"https:\/\/www.actualidadadiario.com\/index.php\/wp-json\/wp\/v2\/posts"}],"about":[{"href":"https:\/\/www.actualidadadiario.com\/index.php\/wp-json\/wp\/v2\/types\/post"}],"author":[{"embeddable":true,"href":"https:\/\/www.actualidadadiario.com\/index.php\/wp-json\/wp\/v2\/users\/3"}],"replies":[{"embeddable":true,"href":"https:\/\/www.actualidadadiario.com\/index.php\/wp-json\/wp\/v2\/comments?post=123798"}],"version-history":[{"count":1,"href":"https:\/\/www.actualidadadiario.com\/index.php\/wp-json\/wp\/v2\/posts\/123798\/revisions"}],"predecessor-version":[{"id":123800,"href":"https:\/\/www.actualidadadiario.com\/index.php\/wp-json\/wp\/v2\/posts\/123798\/revisions\/123800"}],"wp:featuredmedia":[{"embeddable":true,"href":"https:\/\/www.actualidadadiario.com\/index.php\/wp-json\/wp\/v2\/media\/123799"}],"wp:attachment":[{"href":"https:\/\/www.actualidadadiario.com\/index.php\/wp-json\/wp\/v2\/media?parent=123798"}],"wp:term":[{"taxonomy":"category","embeddable":true,"href":"https:\/\/www.actualidadadiario.com\/index.php\/wp-json\/wp\/v2\/categories?post=123798"},{"taxonomy":"post_tag","embeddable":true,"href":"https:\/\/www.actualidadadiario.com\/index.php\/wp-json\/wp\/v2\/tags?post=123798"}],"curies":[{"name":"wp","href":"https:\/\/api.w.org\/{rel}","templated":true}]}}