{"id":123757,"date":"2024-12-11T15:23:37","date_gmt":"2024-12-11T18:23:37","guid":{"rendered":"https:\/\/www.actualidadadiario.com\/?p=123757"},"modified":"2024-12-11T15:23:37","modified_gmt":"2024-12-11T18:23:37","slug":"villarruel-convoco-a-sesion-especial-en-el-senado-para-tratar-los-actos-inmorales-de-kueider","status":"publish","type":"post","link":"https:\/\/www.actualidadadiario.com\/index.php\/2024\/12\/11\/villarruel-convoco-a-sesion-especial-en-el-senado-para-tratar-los-actos-inmorales-de-kueider\/","title":{"rendered":"Villarruel convoc\u00f3 a sesi\u00f3n especial en el Senado para tratar los &#8220;actos inmorales&#8221; de Kueider"},"content":{"rendered":"<p style=\"text-align: center;\"><em><strong>La presidenta del Senado convoc\u00f3 a la sesi\u00f3n donde se determinar\u00e1 si se echar\u00e1 o suspender a Kueider, al tiempo que lament\u00f3 que no se haya incluido el tratamiento de la suspensi\u00f3n de Oscar Parrilli, quien va a juicio oral acusado de &#8220;traici\u00f3n a la patria&#8221;<\/strong><\/em><\/p>\n<p>&nbsp;<\/p>\n<p>&nbsp;<\/p>\n<p>La presidenta del Senado, Victoria Villarruel convoc\u00f3\u00a0 para ma\u00f1ana a las 11 donde se analizar\u00e1n si se echar\u00e1 o suspender\u00e1\u00a0 al senador de Unidad Federal Edgardo Kueider y se\u00f1al\u00f3 realiz\u00f3 esta citaci\u00f3n para que \u201ctratemos los actos inmorales que son de p\u00fablico conocimiento\u201d del legislador de Entre R\u00edos detenido con 200 mil d\u00f3lares sin declarar.<\/p>\n<p>A trav\u00e9s de la red social X, Villarruel lament\u00f3 tambi\u00e9n que no se haya incluido un pedido del senador de la Libertad Avanza, Bartolom\u00e9 Abdala, para suspender a Oscar Parrilli,\u00a0 quien ir\u00e1 juicio oral por \u201cencubrimiento agravado y traici\u00f3n a la Patria\u201d.<\/p>\n<p>La sesi\u00f3n fue solicitada por un lado, por el interbloque kirchnerista, que conduce Jos\u00e9 Mayans con el objetivo de remover de su cargo a Kueider, y otro lado por la Libertad Avanza junto al PRO para suspender al senador entrerriano hasta marzo.<\/p>\n<p>\u201cPara no dilatar los tiempos, junto al presidente Provisional Abdala llamamos a una sesi\u00f3n ma\u00f1ana para que tratemos los actos inmorales que son de p\u00fablico conocimiento del senador Kueider, y que exponen una vez m\u00e1s la hipocres\u00eda del kirchnerismo\u201d, agreg\u00f3<\/p>\n<p>Villarruel dijo que \u201clo de Kueider es sin dudas un bochorno que merece recibir un castigo ejemplar, aunque al kirchnerismo lo \u00fanico que le importa es quedarse con su banca (s\u00ed, Kueider entr\u00f3 en la boleta de Cristina) y as\u00ed entorpecer la tarea de nuestro Gobierno&#8221;.<\/p>\n<p>De hecho si expulsan al senador detenido en Paraguay ingresar\u00e1 en su lugar la dirigente camporista Stefania Cora.<\/p>\n<p>\u201cDe esta manera, aprovechando la milagrosa nueva lucidez moral y \u00e9tica de los esbirros de Cristina, me hubiera gustado incluir tambi\u00e9n, un proyecto presentado por el senador Abdala para suspender al senador Parrilli, quien ir\u00e1 a juicio oral nada m\u00e1s y nada menos que por encubrimiento agravado y TRAICI\u00d3N A LA PATRIA, pero no hubo consenso entre los senadores para firmar ese pedido lo cual lamento enormemente\u201d, detall\u00f3 la vicepresidenta de la Naci\u00f3n.<\/p>\n<p>Se\u00f1al\u00f3 que \u201chaber negociado la sangre derramada de argentinos inocentes es imperdonable y los argentinos de bien no queremos traidores a la Patria caminando por los pasillos de la C\u00e1mara por lo cual espero que los senadores de todos los bloques recapaciten y entiendan el cambio de \u00e9poca de una vez por todas. Lleg\u00f3 la hora de sacar la mugre del Senado, sin contemplaciones ante la corrupci\u00f3n que puso a nuestro pa\u00eds de rodillas\u201d.<\/p>\n","protected":false},"excerpt":{"rendered":"<p>La presidenta del Senado convoc\u00f3 a la sesi\u00f3n donde se determinar\u00e1 si se echar\u00e1 o suspender a Kueider, al tiempo que lament\u00f3 que no se haya incluido el tratamiento de la suspensi\u00f3n de Oscar Parrilli, quien va a juicio oral acusado de &#8220;traici\u00f3n a la patria&#8221; &nbsp; &nbsp; La presidenta del Senado, Victoria Villarruel convoc\u00f3\u00a0 para ma\u00f1ana a las 11 donde se analizar\u00e1n si se echar\u00e1 o suspender\u00e1\u00a0 al senador de Unidad Federal Edgardo Kueider y se\u00f1al\u00f3 realiz\u00f3 esta citaci\u00f3n para que \u201ctratemos los actos inmorales que son de p\u00fablico&#8230;<\/p>\n","protected":false},"author":3,"featured_media":115796,"comment_status":"closed","ping_status":"closed","sticky":false,"template":"","format":"standard","meta":[],"categories":[18],"tags":[],"_links":{"self":[{"href":"https:\/\/www.actualidadadiario.com\/index.php\/wp-json\/wp\/v2\/posts\/123757"}],"collection":[{"href":"https:\/\/www.actualidadadiario.com\/index.php\/wp-json\/wp\/v2\/posts"}],"about":[{"href":"https:\/\/www.actualidadadiario.com\/index.php\/wp-json\/wp\/v2\/types\/post"}],"author":[{"embeddable":true,"href":"https:\/\/www.actualidadadiario.com\/index.php\/wp-json\/wp\/v2\/users\/3"}],"replies":[{"embeddable":true,"href":"https:\/\/www.actualidadadiario.com\/index.php\/wp-json\/wp\/v2\/comments?post=123757"}],"version-history":[{"count":1,"href":"https:\/\/www.actualidadadiario.com\/index.php\/wp-json\/wp\/v2\/posts\/123757\/revisions"}],"predecessor-version":[{"id":123758,"href":"https:\/\/www.actualidadadiario.com\/index.php\/wp-json\/wp\/v2\/posts\/123757\/revisions\/123758"}],"wp:featuredmedia":[{"embeddable":true,"href":"https:\/\/www.actualidadadiario.com\/index.php\/wp-json\/wp\/v2\/media\/115796"}],"wp:attachment":[{"href":"https:\/\/www.actualidadadiario.com\/index.php\/wp-json\/wp\/v2\/media?parent=123757"}],"wp:term":[{"taxonomy":"category","embeddable":true,"href":"https:\/\/www.actualidadadiario.com\/index.php\/wp-json\/wp\/v2\/categories?post=123757"},{"taxonomy":"post_tag","embeddable":true,"href":"https:\/\/www.actualidadadiario.com\/index.php\/wp-json\/wp\/v2\/tags?post=123757"}],"curies":[{"name":"wp","href":"https:\/\/api.w.org\/{rel}","templated":true}]}}