{"id":123755,"date":"2024-12-11T15:22:42","date_gmt":"2024-12-11T18:22:42","guid":{"rendered":"https:\/\/www.actualidadadiario.com\/?p=123755"},"modified":"2024-12-11T15:22:42","modified_gmt":"2024-12-11T18:22:42","slug":"el-gobierno-descarta-convocar-a-sesiones-extraordinarias-en-diciembre","status":"publish","type":"post","link":"https:\/\/www.actualidadadiario.com\/index.php\/2024\/12\/11\/el-gobierno-descarta-convocar-a-sesiones-extraordinarias-en-diciembre\/","title":{"rendered":"El Gobierno descarta convocar a sesiones extraordinarias en diciembre"},"content":{"rendered":"<p style=\"text-align: center;\"><em><strong>&#8220;Hasta hoy, mi\u00e9rcoles a las 12:08, no est\u00e1n los acuerdos que nos indiquen un temario para tratar en sesiones extraordinarias&#8221;, confirm\u00f3 este mediod\u00eda el jefe de Gabinete, Guillermo Francos<\/strong><\/em><\/p>\n<p>&nbsp;<\/p>\n<p>&nbsp;<\/p>\n<p>El Gobierno descarta la posibilidad de convocar a sesiones extraordinarias durante el mes de diciembre por la falta de acuerdos con la oposici\u00f3n para tratar y aprobar los temas que le interesan al Poder Ejecutivo.<\/p>\n<p>&#8220;Hasta hoy, mi\u00e9rcoles a las 12:08, no est\u00e1n los acuerdos que nos indiquen un temario para tratar en sesiones extraordinarias&#8221;, confirm\u00f3 este mediod\u00eda el jefe de Gabinete, Guillermo Francos, en una rueda con la prensa acreditada en Casa Rosada.<\/p>\n<p>En la misma l\u00ednea, ampli\u00f3: &#8220;Todos conocen cu\u00e1l es nuestra situaci\u00f3n parlamentaria, estamos en minor\u00eda, y saben que dependemos de preestablecer acuerdos para tratarlos en el Congreso&#8221;.<\/p>\n<p>Pese al anuncio del vocero presidencial, Manuel Adorni, en sus redes sociales donde detallaba que la convocatoria se llevar\u00eda a cabo &#8220;entre el 5 y el 27 de diciembre&#8221;, en Balcarce 50 dan por terminada la posibilidad de que el Congreso sesione a pedido del Ejecutivo en lo que queda de diciembre, aunque no descartan la posibilidad de hacerlo en febrero.<\/p>\n<p>&#8220;Hoy, a las 12:20 no los tenemos. Hasta ahora, en diciembre, no convocar\u00edamos&#8221;, insisti\u00f3 Francos.<\/p>\n<p>Un importante funcionario del Gobierno detall\u00f3 que la reforma electoral, que incluye la eliminaci\u00f3n de las elecciones primarias (PASO), modificaciones en la publicidad estatal y el financiamiento a los partidos, es uno de los puntos que m\u00e1s empantanan las negociaciones con la oposici\u00f3n.<\/p>\n<p>&#8220;Hoy no hay certezas. La mitad del PRO quiere y la otra no. En Innovaci\u00f3n Federal y el radicalismo prima \u00e9l ni, se seguir\u00e1 trabajando, pero hasta ahora no hay acuerdo&#8221;, ampliaron.<\/p>\n<p>Este panorama pospone los planes de la administraci\u00f3n libertaria que ten\u00eda intenciones de tratar una bater\u00eda de proyectos que deber\u00e1n esperar, por lo menos, hasta febrero.<\/p>\n","protected":false},"excerpt":{"rendered":"<p>&#8220;Hasta hoy, mi\u00e9rcoles a las 12:08, no est\u00e1n los acuerdos que nos indiquen un temario para tratar en sesiones extraordinarias&#8221;, confirm\u00f3 este mediod\u00eda el jefe de Gabinete, Guillermo Francos &nbsp; &nbsp; El Gobierno descarta la posibilidad de convocar a sesiones extraordinarias durante el mes de diciembre por la falta de acuerdos con la oposici\u00f3n para tratar y aprobar los temas que le interesan al Poder Ejecutivo. &#8220;Hasta hoy, mi\u00e9rcoles a las 12:08, no est\u00e1n los acuerdos que nos indiquen un temario para tratar en sesiones extraordinarias&#8221;, confirm\u00f3 este mediod\u00eda el&#8230;<\/p>\n","protected":false},"author":3,"featured_media":122345,"comment_status":"closed","ping_status":"closed","sticky":false,"template":"","format":"standard","meta":[],"categories":[18],"tags":[],"_links":{"self":[{"href":"https:\/\/www.actualidadadiario.com\/index.php\/wp-json\/wp\/v2\/posts\/123755"}],"collection":[{"href":"https:\/\/www.actualidadadiario.com\/index.php\/wp-json\/wp\/v2\/posts"}],"about":[{"href":"https:\/\/www.actualidadadiario.com\/index.php\/wp-json\/wp\/v2\/types\/post"}],"author":[{"embeddable":true,"href":"https:\/\/www.actualidadadiario.com\/index.php\/wp-json\/wp\/v2\/users\/3"}],"replies":[{"embeddable":true,"href":"https:\/\/www.actualidadadiario.com\/index.php\/wp-json\/wp\/v2\/comments?post=123755"}],"version-history":[{"count":1,"href":"https:\/\/www.actualidadadiario.com\/index.php\/wp-json\/wp\/v2\/posts\/123755\/revisions"}],"predecessor-version":[{"id":123756,"href":"https:\/\/www.actualidadadiario.com\/index.php\/wp-json\/wp\/v2\/posts\/123755\/revisions\/123756"}],"wp:featuredmedia":[{"embeddable":true,"href":"https:\/\/www.actualidadadiario.com\/index.php\/wp-json\/wp\/v2\/media\/122345"}],"wp:attachment":[{"href":"https:\/\/www.actualidadadiario.com\/index.php\/wp-json\/wp\/v2\/media?parent=123755"}],"wp:term":[{"taxonomy":"category","embeddable":true,"href":"https:\/\/www.actualidadadiario.com\/index.php\/wp-json\/wp\/v2\/categories?post=123755"},{"taxonomy":"post_tag","embeddable":true,"href":"https:\/\/www.actualidadadiario.com\/index.php\/wp-json\/wp\/v2\/tags?post=123755"}],"curies":[{"name":"wp","href":"https:\/\/api.w.org\/{rel}","templated":true}]}}