{"id":123752,"date":"2024-12-11T15:22:02","date_gmt":"2024-12-11T18:22:02","guid":{"rendered":"https:\/\/www.actualidadadiario.com\/?p=123752"},"modified":"2024-12-11T15:22:02","modified_gmt":"2024-12-11T18:22:02","slug":"cristina-asume-este-miercoles-formalmente-la-conduccion-del-pj","status":"publish","type":"post","link":"https:\/\/www.actualidadadiario.com\/index.php\/2024\/12\/11\/cristina-asume-este-miercoles-formalmente-la-conduccion-del-pj\/","title":{"rendered":"Cristina asume este mi\u00e9rcoles formalmente la conducci\u00f3n del PJ"},"content":{"rendered":"<p style=\"text-align: center;\"><em><strong>El acto se desarrollar\u00e1 en la Universidad Metropolitana para la Educaci\u00f3n y el Trabajo (UMET) y tendr\u00e1 a la ex jefa de Estado, Cristina Kirchner como \u00fanica oradora<\/strong><\/em><\/p>\n<p>&nbsp;<\/p>\n<p>&nbsp;<\/p>\n<p>Tras haberle ganado la disputa al gobernador Ricardo Quintela por la presidencia del Partido Justicialista y haberse reunido con los m\u00e1ximos referentes del espacio en Moreno, la ex presidenta Cristina Fern\u00e1ndez de Kirchner asume este mi\u00e9rcoles formalmente la conducci\u00f3n partidaria en la Universidad Metropolitana para la Educaci\u00f3n y el Trabajo (UMET).<\/p>\n<p>A las 17:30, Cristina Kirchner asumir\u00e1 la presidencia del PJ Nacional. Lo har\u00e1 en presencia de los consejeros del partido y los cinco vicepresidentes que la acompa\u00f1ar\u00e1n. Adem\u00e1s, est\u00e1n invitados los presidentes de los PJ provinciales, muchos de ellos gobernadores, como es el caso del pampeano Sergio Ziliotto o el formose\u00f1o Gildo Insfr\u00e1n.<\/p>\n<p>Ni Ra\u00fal Jalil (Catamarca), ni Osvaldo Jaldo (Tucum\u00e1n), ni Ricardo Quintela (La Rioja) van a estar presentes ya que no recibieron la invitaci\u00f3n los principales dirigentes de la CGT.<\/p>\n<p>La nueva presidenta del partido ser\u00e1 la \u00fanica oradora del acto que se llevar\u00e1 a cabo en la UMET.<\/p>\n<p>En la previa de la asunci\u00f3n, la ex mandataria particip\u00f3 de una cumbre en Moreno junto al gobernador bonaerense, Axel Kicillof, el l\u00edder del Frente Renovador, Sergio Massa, y el presidente del PJ local, M\u00e1ximo Kirchner, en donde discutieron cara a cara las diferencias internas. Un aspecto central del debate es c\u00f3mo encarar\u00e1 la provincia de Buenos Aires las elecciones legislativas del a\u00f1o que viene.<\/p>\n<p>Fuentes que participaron de la reuni\u00f3n indicaron a que durante el encuentro se pregon\u00f3 el valor de la unidad dentro de la coalici\u00f3n peronista y la necesidad de generar un proyecto de pa\u00eds. &#8220;Sin cohesi\u00f3n y sin proyecto de pa\u00eds para mostrar futuro a la gente, no hay destino para el peronismo&#8221;, dijeron.<\/p>\n<p>Fue la primera vez que Cristina Kirchner, Axel Kicillof y Sergio Massa se vieron las caras en un acto p\u00fablico desde la campa\u00f1a presidencial de 2023.<\/p>\n","protected":false},"excerpt":{"rendered":"<p>El acto se desarrollar\u00e1 en la Universidad Metropolitana para la Educaci\u00f3n y el Trabajo (UMET) y tendr\u00e1 a la ex jefa de Estado, Cristina Kirchner como \u00fanica oradora &nbsp; &nbsp; Tras haberle ganado la disputa al gobernador Ricardo Quintela por la presidencia del Partido Justicialista y haberse reunido con los m\u00e1ximos referentes del espacio en Moreno, la ex presidenta Cristina Fern\u00e1ndez de Kirchner asume este mi\u00e9rcoles formalmente la conducci\u00f3n partidaria en la Universidad Metropolitana para la Educaci\u00f3n y el Trabajo (UMET). A las 17:30, Cristina Kirchner asumir\u00e1 la presidencia del&#8230;<\/p>\n","protected":false},"author":3,"featured_media":123753,"comment_status":"closed","ping_status":"closed","sticky":false,"template":"","format":"standard","meta":[],"categories":[18],"tags":[],"_links":{"self":[{"href":"https:\/\/www.actualidadadiario.com\/index.php\/wp-json\/wp\/v2\/posts\/123752"}],"collection":[{"href":"https:\/\/www.actualidadadiario.com\/index.php\/wp-json\/wp\/v2\/posts"}],"about":[{"href":"https:\/\/www.actualidadadiario.com\/index.php\/wp-json\/wp\/v2\/types\/post"}],"author":[{"embeddable":true,"href":"https:\/\/www.actualidadadiario.com\/index.php\/wp-json\/wp\/v2\/users\/3"}],"replies":[{"embeddable":true,"href":"https:\/\/www.actualidadadiario.com\/index.php\/wp-json\/wp\/v2\/comments?post=123752"}],"version-history":[{"count":1,"href":"https:\/\/www.actualidadadiario.com\/index.php\/wp-json\/wp\/v2\/posts\/123752\/revisions"}],"predecessor-version":[{"id":123754,"href":"https:\/\/www.actualidadadiario.com\/index.php\/wp-json\/wp\/v2\/posts\/123752\/revisions\/123754"}],"wp:featuredmedia":[{"embeddable":true,"href":"https:\/\/www.actualidadadiario.com\/index.php\/wp-json\/wp\/v2\/media\/123753"}],"wp:attachment":[{"href":"https:\/\/www.actualidadadiario.com\/index.php\/wp-json\/wp\/v2\/media?parent=123752"}],"wp:term":[{"taxonomy":"category","embeddable":true,"href":"https:\/\/www.actualidadadiario.com\/index.php\/wp-json\/wp\/v2\/categories?post=123752"},{"taxonomy":"post_tag","embeddable":true,"href":"https:\/\/www.actualidadadiario.com\/index.php\/wp-json\/wp\/v2\/tags?post=123752"}],"curies":[{"name":"wp","href":"https:\/\/api.w.org\/{rel}","templated":true}]}}