{"id":123736,"date":"2024-12-11T11:55:18","date_gmt":"2024-12-11T14:55:18","guid":{"rendered":"https:\/\/www.actualidadadiario.com\/?p=123736"},"modified":"2024-12-11T11:55:18","modified_gmt":"2024-12-11T14:55:18","slug":"hidrovia-el-gobierno-de-javier-milei-modifico-las-condiciones-de-la-licitacion","status":"publish","type":"post","link":"https:\/\/www.actualidadadiario.com\/index.php\/2024\/12\/11\/hidrovia-el-gobierno-de-javier-milei-modifico-las-condiciones-de-la-licitacion\/","title":{"rendered":"Hidrov\u00eda: el gobierno de Javier Milei modific\u00f3 las condiciones de la licitaci\u00f3n"},"content":{"rendered":"<p style=\"text-align: center;\"><em><strong>Se trata de la incorporaci\u00f3n de nuevos requisitos que fueron a pedido de las empresas que presentar\u00e1n ofertas y de la provincia de Entre R\u00edos. Por all\u00ed circula el 80% del comercio exterior argentino<\/strong><\/em><\/p>\n<p>&nbsp;<\/p>\n<p>&nbsp;<\/p>\n<p>El Gobierno anunci\u00f3 este mi\u00e9rcoles tres cambios en el pliego de licitaci\u00f3n de la Hidrov\u00eda, un corredor clave para las exportaciones argentinas. Se abri\u00f3 la convocatoria para el comienzo de la privatizaci\u00f3n. Ahora se sumaron tres modificaciones en las condiciones de la licitaci\u00f3n internacional que se inici\u00f3 en noviembre pasado.<\/p>\n<p>Los cambios incluyen la extensi\u00f3n del plazo para presentar propuestas, una mayor profundizaci\u00f3n de las v\u00edas navegables y el desarrollo del \u00e1rea portuaria en el sur de Entre R\u00edos.<\/p>\n<p>&nbsp;<\/p>\n<p><strong>Hidrov\u00eda: qu\u00e9 cambios sum\u00f3 el Gobierno en la licitaci\u00f3n<\/strong><\/p>\n<p>En primer t\u00e9rmino, la extensi\u00f3n del plazo de presentaci\u00f3n de pliegos, punto en el que originalmente las ofertas pod\u00edan presentarse hasta el 29 de enero de 2024. Ahora, el plazo se extendi\u00f3 hasta fines de febrero. Este cambio responde a pedidos de empresas interesadas en participar, especialmente en las obras de dragado.<\/p>\n<p>La segunda modificaci\u00f3n aplicada es la del aumento en la profundidad de las v\u00edas navegables de la Hidrov\u00eda, que en el pliego inicial se establec\u00eda en 42 pies, y ahora pasar\u00e1 a 44 pies. Esto permitir\u00e1 una navegaci\u00f3n m\u00e1s eficiente y segura, independientemente de las fluctuaciones h\u00eddricas, y fue solicitada por operadores privados.<\/p>\n<p>Por \u00faltimo, el desarrollo portuario en Entre R\u00edos, tras el pedido del gobernador de Entre R\u00edos Rogelio Frigerio, por el que se habilitar\u00e1n nuevas v\u00edas navegables en la zona sur de la provincia. Adem\u00e1s del Paran\u00e1 de las Palmas, se mejorar\u00e1n las v\u00edas Paran\u00e1 Guaz\u00fa, Paran\u00e1 Bravo y Pasaje Talavera, que pasar\u00e1n de 28 a 36 pies en una primera etapa. Esto busca potenciar la actividad portuaria en la regi\u00f3n.<\/p>\n<p>&nbsp;<\/p>\n<p><strong>Detalles del proyecto y la licitaci\u00f3n de la Hidrov\u00eda<\/strong><\/p>\n<p>El contrato de licitaci\u00f3n tendr\u00e1 un plazo inicial de 30 a\u00f1os, prorrogable por otros 30, lo que define el manejo del corredor estrat\u00e9gico para las pr\u00f3ximas seis d\u00e9cadas. Con m\u00e1s de 4,000 barcos transitando anualmente y el 80% de las exportaciones nacionales utiliz\u00e1ndola, la Hidrov\u00eda es vital para la econom\u00eda del pa\u00eds.<\/p>\n<p>Seg\u00fan se especifica en el modelo de contrato, se trata de una licitaci\u00f3n por un plazo de 30 a\u00f1os, que &#8221;permitir\u00e1 una amplia participaci\u00f3n de las empresas m\u00e1s importantes del orden mundial en t\u00e9rminos de obras fluvio-mar\u00edtimas&#8221;. Adem\u00e1s, habr\u00e1 fuertes exigencias que garanticen la trayectoria y capacidad t\u00e9cnica de las empresas que se presenten, as\u00ed como su solvencia financiera.<\/p>\n<p>Asimismo, el futuro concesionario, que pondr\u00e1 fin a la estatizaci\u00f3n provisoria de la V\u00eda Navegable Troncal, deber\u00e1 cumplir el plan de obras establecido en los pliegos de la licitaci\u00f3n y el nuevo contrato, que determina las etapas de obras prioritarias que se deber\u00e1n realizar en los primeros cinco a\u00f1os de la concesi\u00f3n.<\/p>\n","protected":false},"excerpt":{"rendered":"<p>Se trata de la incorporaci\u00f3n de nuevos requisitos que fueron a pedido de las empresas que presentar\u00e1n ofertas y de la provincia de Entre R\u00edos. Por all\u00ed circula el 80% del comercio exterior argentino &nbsp; &nbsp; El Gobierno anunci\u00f3 este mi\u00e9rcoles tres cambios en el pliego de licitaci\u00f3n de la Hidrov\u00eda, un corredor clave para las exportaciones argentinas. Se abri\u00f3 la convocatoria para el comienzo de la privatizaci\u00f3n. Ahora se sumaron tres modificaciones en las condiciones de la licitaci\u00f3n internacional que se inici\u00f3 en noviembre pasado. Los cambios incluyen la&#8230;<\/p>\n","protected":false},"author":3,"featured_media":102500,"comment_status":"closed","ping_status":"closed","sticky":false,"template":"","format":"standard","meta":[],"categories":[2],"tags":[],"_links":{"self":[{"href":"https:\/\/www.actualidadadiario.com\/index.php\/wp-json\/wp\/v2\/posts\/123736"}],"collection":[{"href":"https:\/\/www.actualidadadiario.com\/index.php\/wp-json\/wp\/v2\/posts"}],"about":[{"href":"https:\/\/www.actualidadadiario.com\/index.php\/wp-json\/wp\/v2\/types\/post"}],"author":[{"embeddable":true,"href":"https:\/\/www.actualidadadiario.com\/index.php\/wp-json\/wp\/v2\/users\/3"}],"replies":[{"embeddable":true,"href":"https:\/\/www.actualidadadiario.com\/index.php\/wp-json\/wp\/v2\/comments?post=123736"}],"version-history":[{"count":1,"href":"https:\/\/www.actualidadadiario.com\/index.php\/wp-json\/wp\/v2\/posts\/123736\/revisions"}],"predecessor-version":[{"id":123737,"href":"https:\/\/www.actualidadadiario.com\/index.php\/wp-json\/wp\/v2\/posts\/123736\/revisions\/123737"}],"wp:featuredmedia":[{"embeddable":true,"href":"https:\/\/www.actualidadadiario.com\/index.php\/wp-json\/wp\/v2\/media\/102500"}],"wp:attachment":[{"href":"https:\/\/www.actualidadadiario.com\/index.php\/wp-json\/wp\/v2\/media?parent=123736"}],"wp:term":[{"taxonomy":"category","embeddable":true,"href":"https:\/\/www.actualidadadiario.com\/index.php\/wp-json\/wp\/v2\/categories?post=123736"},{"taxonomy":"post_tag","embeddable":true,"href":"https:\/\/www.actualidadadiario.com\/index.php\/wp-json\/wp\/v2\/tags?post=123736"}],"curies":[{"name":"wp","href":"https:\/\/api.w.org\/{rel}","templated":true}]}}