{"id":123734,"date":"2024-12-11T11:54:40","date_gmt":"2024-12-11T14:54:40","guid":{"rendered":"https:\/\/www.actualidadadiario.com\/?p=123734"},"modified":"2024-12-11T11:54:40","modified_gmt":"2024-12-11T14:54:40","slug":"se-difunde-la-inflacion-de-noviembre-que-se-espera-vuelva-a-estar-por-debajo-del-3","status":"publish","type":"post","link":"https:\/\/www.actualidadadiario.com\/index.php\/2024\/12\/11\/se-difunde-la-inflacion-de-noviembre-que-se-espera-vuelva-a-estar-por-debajo-del-3\/","title":{"rendered":"Se difunde la inflaci\u00f3n de noviembre, que se espera vuelva a estar por debajo del 3%"},"content":{"rendered":"<p style=\"text-align: center;\"><em><strong>De acuerdo a estimaciones privadas estar\u00eda por encima del 2,7% que se produjo en octubre<\/strong><\/em><\/p>\n<p>&nbsp;<\/p>\n<p>&nbsp;<\/p>\n<p>El Instituto Nacional de Estad\u00edstica y Censos (INDEC) dar\u00e1 a conocer durante la tarde de este mi\u00e9rcoles el \u00cdndice de Precios al Consumidor (IPC) de noviembre, que volver\u00eda a ubicarse por debajo del 3%, al igual que en la medici\u00f3n previa.<\/p>\n<p>Tras haber perforado el 3% en octubre, alcanzando el menor nivel de los \u00faltimos tres a\u00f1os, al registrar una suba del 2,7% interanual, los analistas estiman que el \u00edndice inflacionario en noviembre habr\u00eda reflejado un ritmo similar en el aumento de precios al mes anterior.<\/p>\n<p>El Gobierno y las consultoras privadas, esperan que la medici\u00f3n que difundir\u00e1 el INDEC este mi\u00e9rcoles 11 de diciembre sea inferior al 3%, pero no alcanzar\u00eda para marcar una nueva desaceleraci\u00f3n, quedando el registro de octubre como el menor desde el 2,5% de\u00a0 noviembre de 2021.<\/p>\n<p>El Relevamiento de Expectativas de Mercado (REM), que elabora el Banco Central en base a las estimaciones privadas, calcul\u00f3 que la inflaci\u00f3n de noviembre alcanz\u00f3 el 2,9% y proyect\u00f3 para el a\u00f1o un aumento de precios del 120%, mismo c\u00e1lculo que el mes previo.<\/p>\n<p>A modo de anticipo, la inflaci\u00f3n de la Ciudad de Buenos Aires en el und\u00e9cimo mes del a\u00f1o alcanz\u00f3 el 3,2%, igualando la medici\u00f3n de octubre, por lo que se fren\u00f3 el proceso de desinflaci\u00f3n. En lo que va del a\u00f1o acumula un aumento de 129,1%, mientras que la variaci\u00f3n interanual es de 177,4%, notoriamente menor a la del mes previo que fue 200,9%.<\/p>\n<p>El reporte de Equilibra indic\u00f3 que la inflaci\u00f3n mensual se mantuvo en 2,7%, registrando los principales aumentos en los rubros bebidas alcoh\u00f3licas y vivienda, agua, electricidad y otros combustibles. La variaci\u00f3n interanual fue estimada en 167%.<\/p>\n<p>La consultora Analytica tambi\u00e9n registr\u00f3 una inflaci\u00f3n del 2,7% para noviembre, con subas en los precios del gas, luz, agua y nafta, y en productos con estacionalidad como frutas, verduras, hoteler\u00eda, educaci\u00f3n e indumentaria.<\/p>\n<p>EcoGo Consultores, por su parte, estim\u00f3 que la inflaci\u00f3n del mes pasado alcanz\u00f3 el 2,9%, con una variaci\u00f3n promedio en alimentos y bebidas que trep\u00f3 al 2,8%, 0,3 p.p. por debajo de lo registrado el mes anterior, continuando con la tendencia descendente observada en octubre. El indicador no super\u00f3 el 1% semanal hasta la \u00faltima semana, donde la suba en el precio de las carnes de cara a las fiestas presion\u00f3 al alza. \u200b<\/p>\n<p>En coincidencia, la Fundaci\u00f3n Libertad y Progreso asegur\u00f3 que la inflaci\u00f3n el mes pasado estuvo en 2,9%. De esta manera, en los primeros once meses del a\u00f1o, el IPC acumula una suba de 113,0%, mientras que en el mismo per\u00edodo del a\u00f1o pasado fue de 148,2%.<\/p>\n<p>En cuanto a la variaci\u00f3n interanual, esta alcanza el 167,3%, marcando as\u00ed la s\u00e9ptima desaceleraci\u00f3n consecutiva, y bajando 122,1 puntos porcentuales desde el m\u00e1ximo de 289,4% interanual registrado en abril.<\/p>\n","protected":false},"excerpt":{"rendered":"<p>De acuerdo a estimaciones privadas estar\u00eda por encima del 2,7% que se produjo en octubre &nbsp; &nbsp; El Instituto Nacional de Estad\u00edstica y Censos (INDEC) dar\u00e1 a conocer durante la tarde de este mi\u00e9rcoles el \u00cdndice de Precios al Consumidor (IPC) de noviembre, que volver\u00eda a ubicarse por debajo del 3%, al igual que en la medici\u00f3n previa. Tras haber perforado el 3% en octubre, alcanzando el menor nivel de los \u00faltimos tres a\u00f1os, al registrar una suba del 2,7% interanual, los analistas estiman que el \u00edndice inflacionario en noviembre&#8230;<\/p>\n","protected":false},"author":3,"featured_media":60213,"comment_status":"closed","ping_status":"closed","sticky":false,"template":"","format":"standard","meta":[],"categories":[2],"tags":[],"_links":{"self":[{"href":"https:\/\/www.actualidadadiario.com\/index.php\/wp-json\/wp\/v2\/posts\/123734"}],"collection":[{"href":"https:\/\/www.actualidadadiario.com\/index.php\/wp-json\/wp\/v2\/posts"}],"about":[{"href":"https:\/\/www.actualidadadiario.com\/index.php\/wp-json\/wp\/v2\/types\/post"}],"author":[{"embeddable":true,"href":"https:\/\/www.actualidadadiario.com\/index.php\/wp-json\/wp\/v2\/users\/3"}],"replies":[{"embeddable":true,"href":"https:\/\/www.actualidadadiario.com\/index.php\/wp-json\/wp\/v2\/comments?post=123734"}],"version-history":[{"count":1,"href":"https:\/\/www.actualidadadiario.com\/index.php\/wp-json\/wp\/v2\/posts\/123734\/revisions"}],"predecessor-version":[{"id":123735,"href":"https:\/\/www.actualidadadiario.com\/index.php\/wp-json\/wp\/v2\/posts\/123734\/revisions\/123735"}],"wp:featuredmedia":[{"embeddable":true,"href":"https:\/\/www.actualidadadiario.com\/index.php\/wp-json\/wp\/v2\/media\/60213"}],"wp:attachment":[{"href":"https:\/\/www.actualidadadiario.com\/index.php\/wp-json\/wp\/v2\/media?parent=123734"}],"wp:term":[{"taxonomy":"category","embeddable":true,"href":"https:\/\/www.actualidadadiario.com\/index.php\/wp-json\/wp\/v2\/categories?post=123734"},{"taxonomy":"post_tag","embeddable":true,"href":"https:\/\/www.actualidadadiario.com\/index.php\/wp-json\/wp\/v2\/tags?post=123734"}],"curies":[{"name":"wp","href":"https:\/\/api.w.org\/{rel}","templated":true}]}}